{"id":115773,"date":"2026-04-02T10:31:37","date_gmt":"2026-04-02T14:31:37","guid":{"rendered":"https:\/\/schillerinstitute.com\/?p=115773"},"modified":"2026-04-02T10:31:39","modified_gmt":"2026-04-02T14:31:39","slug":"internationale-friedenskoalition-148-03-04-2026-17-00-uhr","status":"publish","type":"post","link":"https:\/\/schillerinstitute.com\/de\/blog\/2026\/04\/02\/internationale-friedenskoalition-148-03-04-2026-17-00-uhr\/","title":{"rendered":"Internationale Friedenskoalition #148, 03.04.2026, 17.00 Uhr"},"content":{"rendered":"\n<h2 class=\"wp-block-heading\">Zwischen Hoffnungsschimmern und katastrophaler Gefahr: Die Menschheit wurde zu etwas Besserem geboren<\/h2>\n\n\n<div class=\"info-box\">\n<h3 class=\"info-box-title\" style=\"\">148. Treffen der Internationalen Friedenskoalition<\/h3>\n<div class=\"info-box-content\" style=\"\">\n<p>Zwischen Hoffnungsschimmern und katastrophaler Gefahr: Die Menschheit wurde zu etwas Besserem geboren<\/p>\n<p>3. April 2026<br \/>\n17.00 Uhr <\/p>\n<p>Bitte verbreiten Sie die Einladung in Ihrem Freundes,- Bekannten und Kollegenkreis<\/p>\n<p>Unsere Intervention in das Weltgeschehen ist heute wichtiger denn je. Diesen Freitag werden sich Ray McGovern, ehemaliger CIA-Analyst und Mitbegr\u00fcnder von \u201eVeteran Intelligence Professionals for Sanity\u201c (VIPS) und Imam Elahi vom \u201eIslamic House of Wisdom\u201c sowie weitere G\u00e4ste, die in K\u00fcrze bekannt gegeben werden, anschlie\u00dfen.<\/p>\n<p>Bitte senden Sie uns so schnell wie m\u00f6glich Berichte und Initiativen f\u00fcr die Tagesordnung zu.\t<\/p>\n<p><a href=\"https:\/\/schillerinstitute.com\/de\/schliessen-sie-sich-der-internationalen-friedenskoalition-an\/\" class=\"custom-button small\" data-newwindow=\"true\">Zur Anmeldung<\/a>\n<\/p>\n<\/div>\n<\/div>\n\n\n\n<p>Am Abend des 1. April startete die Besatzung der NASA-Mission Artemis II erfolgreich von Cape Canaveral in Florida und schickte damit zum ersten Mal seit vierundf\u00fcnfzig Jahren wieder Menschen zur Umrundung des Mondes. Auch wenn dies in den letzten Jahren eine Seltenheit war, stellt dieser Start wahrlich eine Errungenschaft f\u00fcr die Welt dar und erinnert daran, dass die Menschheit f\u00fcr einen wichtigeren Zweck geschaffen wurde, als sinnlose Kriege und endloses Gez\u00e4nk zu f\u00fchren. Wie der Astronaut Jeremy Hansen in einer Botschaft kurz vor Beginn des Countdowns sagte: \u201eWir tun dies f\u00fcr die gesamte Menschheit.\u201c<\/p>\n\n\n\n<p>W\u00e4hrenddessen sah sich US-Pr\u00e4sident Donald Trump im Land der Ahnungslosen gezwungen, auf den wachsenden Druck \u2013 sowohl im Inland als auch weltweit \u2013 gegen seinen illegalen und katastrophalen Krieg im Iran zu reagieren. In einer \u00e4u\u00dferst defensiven Ansprache an die Nation am 1. April sagte Trump, die USA seien \u201eauf dem besten Weg, alle milit\u00e4rischen Ziele Amerikas in K\u00fcrze zu erreichen\u201c, und behauptete, der Iran sei \u201eausgeh\u00f6hlt und im Grunde genommen keine Bedrohung mehr\u201c. Zynisch erkl\u00e4rte er, dieser Angriffskrieg sei \u201enotwendig f\u00fcr die Sicherheit Amerikas und die Sicherheit der freien Welt\u201c, wobei er darauf achtete, das Wort \u201eAtomwaffe\u201c wiederholt zu verwenden, um bei den Leichtgl\u00e4ubigen Angst zu sch\u00fcren.<\/p>\n\n\n\n<p>Zwar gibt es nach wie vor kein klares Ziel, doch am n\u00e4chsten kam Trumps Aussage: \u201eWir werden sie in den n\u00e4chsten zwei bis drei Wochen extrem hart treffen. Wir werden sie zur\u00fcck in die Steinzeit bringen, wo sie hingeh\u00f6ren. In der Zwischenzeit laufen die Gespr\u00e4che weiter\u2026 Doch wenn in dieser Zeit keine Einigung erzielt wird, haben wir wichtige Ziele im Visier. Wenn es keine Einigung gibt, werden wir jedes einzelne ihrer Kraftwerke sehr hart und wahrscheinlich gleichzeitig treffen.\u201c<\/p>\n\n\n\n<p>In ihrem\u00a0<a href=\"https:\/\/schillerinstitute.com\/blog\/2026\/03\/31\/live-with-helga-zepp-larouche-messianic-delusions-and-the-end-of-history-april-1-11am-et-5pm-cet\/?ref=eirna.de\" target=\"_blank\" rel=\"noreferrer noopener\"><strong>w\u00f6chentlichen Webcast<\/strong><\/a>\u00a0am 1. April sagte Helga Zepp-LaRouche, dass Trump \u201ein einer echten Zwickm\u00fchle steckt, denn offensichtlich sind fast f\u00fcnf Wochen nach Kriegsbeginn noch nicht alle seine Ziele erreicht worden.\u201c All seine Versuche, einen Sieg und Entschlossenheit darzustellen, seien lediglich \u201eein verzweifelter Versuch Trumps, die Berichterstattung irgendwie zu kontrollieren, w\u00e4hrend alle Realit\u00e4ten vor Ort in eine v\u00f6llig andere Richtung weisen.\u201c Doch egal was passiert, seine Selbstdarstellung \u201ewird von der globalen Mehrheit nicht geglaubt werden, sie wird von der amerikanischen Bev\u00f6lkerung nicht geglaubt werden\u201c, warnte sie.<\/p>\n\n\n\n<p>Die Realit\u00e4t dieser Aussage wird immer deutlicher, da sich Amerikas Verb\u00fcndete weltweit zunehmend gegen diesen Krieg wenden, wobei Italien, Frankreich und Spanien sogar beschlossen haben, das US-Milit\u00e4r daran zu hindern, ihre St\u00fctzpunkte zu nutzen. Dar\u00fcber hinaus hat der Economist berichtet, dass die Einnahmen des Iran aus seinen \u00d6lexporten seit Kriegsbeginn nicht nur nicht gesunken seien, sondern sich sogar verdoppelt h\u00e4tten \u2013 w\u00e4hrend die westlichen L\u00e4nder selbst darum k\u00e4mpfen, die massiven Auswirkungen abzufangen, die dies auf ihre Volkswirtschaften hat. Die Europ\u00e4ische Kommission ermutigt die L\u00e4nder sogar dazu, ihren \u00d6l- und Gasverbrauch zu rationieren, und die USA haben gerade die niedrigsten Einstellungszahlen seit 2020 bekannt gegeben.<\/p>\n\n\n\n<p>Doch dies ist weitaus mehr als nur ein weiterer gescheiterter Krieg aus der Hand der angloamerikanischen Neokonservativen. \u201eWir befinden uns in einem unglaublichen weltweiten Wandel\u201c, sagte Zepp-LaRouche. \u201eUnd ich denke, das geht weit \u00fcber die Situation vor Ort in S\u00fcdwestasien hinaus\u2026 [ein] epochaler Wandel ist jetzt im Gange, und ich glaube nicht, dass es m\u00f6glich sein wird, die Dinge in irgendeiner Form so wieder zusammenzuflicken, wie sie vor [dem Krieg] waren.\u201c<\/p>\n\n\n\n<p>\u201eDie NATO existiert de facto nicht mehr\u201c, fuhr sie fort (was keine schlechte Sache ist), eine Tatsache, die durch die \u00c4u\u00dferungen von Trump und Marco Rubio, die USA w\u00fcrden ihre Beteiligung an der NATO \u201e\u00fcberdenken\u201c, noch deutlicher wird. Ebenso ist die Europ\u00e4ische Union v\u00f6llig gespalten, und die US-Regierung hat das wenige an Legitimit\u00e4t, welches das System des V\u00f6lkerrechts noch hatte, effektiv zerst\u00f6rt. Und vergessen Sie nicht, dass die Billionen, die f\u00fcr den Bau von Bomben und Kriegsausr\u00fcstung ausgegeben wurden, nichts dazu beigetragen haben, die 2-Billiarden-Dollar-Blase spekulativer Verm\u00f6genswerte zu beseitigen, die die US-amerikanische und die europ\u00e4ische Wirtschaft stranguliert.<\/p>\n\n\n\n<p>\u201eAlle Grundlagen dessen, was man als Nachkriegsordnung, als Ordnung nach dem Zweiten Weltkrieg oder als Ordnung nach dem Kalten Krieg bezeichnen w\u00fcrde, liegen also eindeutig in Tr\u00fcmmern\u201c, stellte Zepp-LaRouche fest. \u201eAber ich denke, das er\u00f6ffnet die M\u00f6glichkeit f\u00fcr eine v\u00f6llig neue Gestaltung. Und was wir in dieser Situation vorschlagen, ist eine sehr, sehr zukunftsorientierte Vision einer vollst\u00e4ndigen Neuordnung, insbesondere in S\u00fcdwestasien, aber auch dar\u00fcber hinaus.\u201c Sie betonte, dies m\u00fcsse in Form eines erweiterten <strong><a href=\"https:\/\/schillerinstitute.com\/de\/blog\/2024\/02\/14\/petition-unterstuetzung-des-larouche-oasenplans-fuer-frieden-und-entwicklung-in-suedwestasien\/?ref=eirna.de\" target=\"_blank\" rel=\"noreferrer noopener\">Oasenplans<\/a><\/strong>\u00a0geschehen \u2013 eines Ansatzes von \u201eFrieden durch Entwicklung\u201c, der die langfristige Grundlage f\u00fcr Frieden in einer Region schafft, die andernfalls seit \u00fcber einem Jahrhundert Gegenstand imperialer Geopolitik ist.<\/p>\n\n\n\n<p>\u201eIch denke also, dies ist ein Moment, in dem das Land in v\u00f6lliger Unruhe ist, die ganze Welt in v\u00f6lliger Unruhe ist, aber es sind diese Momente in der Geschichte, in denen Ideen wichtiger sind als etablierte Mechanismen\u2026 In Zeiten wie diesen, in denen eine Ordnung zusammenbricht, sind Ideen die wichtigste W\u00e4hrung. Deshalb bin ich, obwohl viele Menschen vielleicht denken, dass das, was wir gerade vorschlagen, eine v\u00f6llig utopische Idee ist, die niemals funktionieren wird, tats\u00e4chlich ziemlich zuversichtlich, dass unser Vorschlag so sehr im Einklang mit dem Willen der Mehrheit der Weltbev\u00f6lkerung steht, dass er meiner Meinung nach eine Chance hat, Wirklichkeit zu werden.\u201c<\/p>\n\n\n\n<p>Wenn Artemis II also dazu beitr\u00e4gt, die Menschen an ihre Menschlichkeit und ihr gemeinsames Schicksal zu erinnern \u2013 und daran, was eine Gesellschaft tats\u00e4chlich \u201egro\u00dfartig\u201c macht \u2013, dann kann es zu einer der Kr\u00e4fte werden, die den notwendigen Weg nach vorne f\u00fcr die Welt aufzeigen.<\/p>\n\n\n\n<p>Diese M\u00f6glichkeit Wirklichkeit werden zu lassen, wird Thema einer speziellen Dringlichkeitsdiskussion am 6. April sein, an der f\u00fchrende Stimmen aus aller Welt teilnehmen.\u00a0<a href=\"https:\/\/eirna.de\/eir-kundigt-dringlichkeitskonferenz-am-6-april-an\/\" target=\"_blank\" rel=\"noreferrer noopener\"><strong>Erfahren Sie hier mehr<\/strong><\/a>\u00a0und verbreiten Sie die Nachricht so weit wie m\u00f6glich.<\/p>\n<!-- AddThis Advanced Settings generic via filter on the_content --><!-- AddThis Share Buttons generic via filter on the_content -->","protected":false},"excerpt":{"rendered":"<p>Zwischen Hoffnungsschimmern und katastrophaler Gefahr: Die Menschheit wurde zu etwas Besserem geboren Am Abend des 1. April startete die Besatzung der NASA-Mission Artemis II erfolgreich von Cape Canaveral in Florida und schickte damit zum ersten Mal seit vierundf\u00fcnfzig Jahren wieder Menschen zur Umrundung des Mondes.&hellip;<!-- AddThis Advanced Settings generic via filter on get_the_excerpt --><!-- AddThis Share Buttons generic via filter on get_the_excerpt --><\/p>\n","protected":false},"author":33,"featured_media":115775,"comment_status":"open","ping_status":"closed","sticky":false,"template":"","format":"standard","meta":{"_lmt_disableupdate":"","_lmt_disable":"","footnotes":""},"categories":[37],"tags":[],"class_list":["post-115773","post","type-post","status-publish","format-standard","has-post-thumbnail","hentry","category-allgemein-de"],"featured_image_src":"https:\/\/schillerinstitute.com\/wp-content\/uploads\/2026\/04\/IPC-148-Einladung.jpg","author_info":{"display_name":"tobi","author_link":"https:\/\/schillerinstitute.com\/de\/blog\/author\/tobi\/"},"modified_by":"tobi","cc_featured_image_caption":{"caption_text":"","source_text":"","source_url":""},"_links":{"self":[{"href":"https:\/\/schillerinstitute.com\/de\/wp-json\/wp\/v2\/posts\/115773","targetHints":{"allow":["GET"]}}],"collection":[{"href":"https:\/\/schillerinstitute.com\/de\/wp-json\/wp\/v2\/posts"}],"about":[{"href":"https:\/\/schillerinstitute.com\/de\/wp-json\/wp\/v2\/types\/post"}],"author":[{"embeddable":true,"href":"https:\/\/schillerinstitute.com\/de\/wp-json\/wp\/v2\/users\/33"}],"replies":[{"embeddable":true,"href":"https:\/\/schillerinstitute.com\/de\/wp-json\/wp\/v2\/comments?post=115773"}],"version-history":[{"count":5,"href":"https:\/\/schillerinstitute.com\/de\/wp-json\/wp\/v2\/posts\/115773\/revisions"}],"predecessor-version":[{"id":115788,"href":"https:\/\/schillerinstitute.com\/de\/wp-json\/wp\/v2\/posts\/115773\/revisions\/115788"}],"wp:featuredmedia":[{"embeddable":true,"href":"https:\/\/schillerinstitute.com\/de\/wp-json\/wp\/v2\/media\/115775"}],"wp:attachment":[{"href":"https:\/\/schillerinstitute.com\/de\/wp-json\/wp\/v2\/media?parent=115773"}],"wp:term":[{"taxonomy":"category","embeddable":true,"href":"https:\/\/schillerinstitute.com\/de\/wp-json\/wp\/v2\/categories?post=115773"},{"taxonomy":"post_tag","embeddable":true,"href":"https:\/\/schillerinstitute.com\/de\/wp-json\/wp\/v2\/tags?post=115773"}],"curies":[{"name":"wp","href":"https:\/\/api.w.org\/{rel}","templated":true}]}}