{"id":115530,"date":"2026-03-19T10:05:48","date_gmt":"2026-03-19T14:05:48","guid":{"rendered":"https:\/\/schillerinstitute.com\/?p=115530"},"modified":"2026-03-19T10:23:37","modified_gmt":"2026-03-19T14:23:37","slug":"internationale-friedenskoalition-146-13-03-2026-16-00-uhr","status":"publish","type":"post","link":"https:\/\/schillerinstitute.com\/de\/blog\/2026\/03\/19\/internationale-friedenskoalition-146-13-03-2026-16-00-uhr\/","title":{"rendered":"Internationale Friedenskoalition #146, 20.03.2026, 16.00 Uhr"},"content":{"rendered":"\n<p>Die gef\u00e4hrliche Spirale im Iran und die Macht der Wahrheit<\/p>\n\n\n<div class=\"info-box\">\n<h3 class=\"info-box-title\" style=\"\">146. Treffen der Internationalen Friedenskoalition<\/h3>\n<div class=\"info-box-content\" style=\"\">\n<p>Die gef\u00e4hrliche Spirale im Iran und die Macht der Wahrheit<\/p>\n<p>20. M\u00e4rz 2026<br \/>\n16.00 Uhr <\/p>\n<p>Bitte verbreiten Sie die Einladung in Ihrem Freundes,- Bekannten und Kollegenkreis<\/p>\n<p>Unser Eingreifen in die Welt ist jetzt wichtiger denn je. Diesen Freitag begr\u00fc\u00dfen wir Bassam el Hachem, Soziologe, Professor an der Universit\u00e4t des Libanon und politischer Aktivist; Josephine Guilbeau, ehemalige All-Source-Intelligence-Analystin der US-Armee mit 17 Jahren Dienstzeit; Cybersicherheitsexpertin f\u00fcr das U.S. Cyber Command (USCYBERCOM) und die Cyber National Mission Force; Eisenhower Media Network; und Diane Sare, unabh\u00e4ngige Pr\u00e4sidentschaftskandidatin der USA; sowie Berichten aus aller Welt.<\/p>\n<p>Bitte senden Sie uns so schnell wie m\u00f6glich Berichte und Initiativen f\u00fcr die Tagesordnung zu.\t<\/p>\n<p><a href=\"https:\/\/schillerinstitute.com\/de\/schliessen-sie-sich-der-internationalen-friedenskoalition-an\/\" class=\"custom-button small\" data-newwindow=\"true\">Zur Anmeldung<\/a>\n<\/p>\n<\/div>\n<\/div>\n\n\n\n<p class=\"has-vivid-red-color has-text-color has-link-color wp-elements-e66a0975b42cac60b1c9082259626c0c\"><strong>Bitte beachten Sie, dass das Treffen der Internationalen Friedenskoalition diese Woche aufgrund der Zeitumstellung in den USA bereits um 16.00 Uhr MEZ stattfindet.<\/strong><\/p>\n\n\n\n<p>In ihrem internationalen&nbsp;<a href=\"https:\/\/www.youtube.com\/live\/BO77cKKRl7I?si%3DTwshwzvCpuqhotbU=&amp;ref=eirna.de\" target=\"_blank\" rel=\"noreferrer noopener\">w\u00f6chentlichen Webcast<\/a>&nbsp;am 18. M\u00e4rz warnte Helga Zepp-LaRouche, dass \u201edie Welt noch nie in einer so gef\u00e4hrlichen Lage war\u201c. Sie verwies auf die j\u00fcngsten Attentate auf den iranischen Geheimdienstminister Esmaeil Khatib und den Sekret\u00e4r des Obersten Nationalen Sicherheitsrates Ali Larijani, die den Konflikt weiter anheizen werden. Dies wurde noch verschlimmert, als Israel mit Unterst\u00fctzung der Vereinigten Staaten sp\u00e4ter am Tag das iranische South-Pars-Gasfeld bombardierte \u2013 das gr\u00f6\u00dfte Gasfeld der Welt. Dieser eklatante Angriff auf zivile Infrastruktur stellt eine erhebliche Eskalation dar, wobei erste Anzeichen zum Zeitpunkt der Abfassung dieses Artikels darauf hindeuten, dass der Iran bereits begonnen hat, Erdgasanlagen in benachbarten Golfstaaten anzugreifen. Wenn hier nicht rasch eine Kehrtwende erfolgt, k\u00f6nnte die gesamte Region in eine neue Phase der Zerst\u00f6rung gest\u00fcrzt werden, mit katastrophalen Folgen f\u00fcr die ganze Welt.<\/p>\n\n\n\n<p>Da der Iran jedoch weiterhin Widerstand gegen den v\u00f6lkerrechtswidrigen Krieg leistet und es keine Anzeichen f\u00fcr eine Schw\u00e4chung seiner Regierungsstrukturen gibt, stellt sich die Frage, welche weiteren Schritte Trump nun unternehmen wird. Wird er eine Bodeninvasion starten und versuchen, die versch\u00fctteten Vorr\u00e4te an angereichertem Uran des Iran zu erbeuten? Oder wird er gar Leuten wie dem hochrangigen Berater des Atlantic Council,&nbsp;<a href=\"https:\/\/eir.news\/2026\/03\/news\/atlantic-council-anglophile-advocates-dropping-nuclear-bombs-on-irani-cities\/?ref=eirna.de\" target=\"_blank\" rel=\"noreferrer noopener\">Harlan Ullman<\/a>&nbsp;folgen, der den Einsatz einer Atombombe f\u00fcr die einzig effektive Ma\u00dfnahme h\u00e4lt?<\/p>\n\n\n\n<p>In einer&nbsp;<a href=\"https:\/\/youtu.be\/GaBjDdu5hyE\" data-type=\"link\" data-id=\"https:\/\/youtu.be\/GaBjDdu5hyE\" target=\"_blank\" rel=\"noreferrer noopener\">Dringlichkeitspressekonferenz<\/a>&nbsp;am 18. M\u00e4rz betonte die unabh\u00e4ngige amerikanische Pr\u00e4sidentschaftskandidatin Diane Sare, wie wichtig es sei, in einer Krisenzeit wie der heutigen die Wahrheit zu sagen. Sie verwies auf den Fall von Oberstleutnant Anthony Aguilar, der ebenfalls auf der Pressekonferenz sprach und dessen mutiges Handeln bei der Aufdeckung der Machenschaften der Gaza Humanitarian Foundation im vergangenen Jahr zur Schlie\u00dfung dieser Institution f\u00fchrte. Man denke auch an den Fall des ehemaligen Direktors des Counterterrorism Center, Joe Kent, dessen \u00f6ffentliches R\u00fccktrittsschreiben einen wunden Punkt in der Trump-Regierung getroffen und diese zu einer hysterischen Reaktion gezwungen hat. Das sei die Kraft der Wahrheit, betonte Sare, und sie k\u00f6nne Wirkung zeigen. \u201eIch glaube nicht, dass Menschen von Grund auf b\u00f6se sind; ich glaube, dass die Amerikaner ein Gewissen haben.\u201c Deshalb, so Sare weiter, \u201esind wir hier, um an die Amerikaner mit Gewissen zu appellieren, ihre Stimme zu erheben und die Wahrheit dar\u00fcber zu sagen, was geschieht.\u201c<\/p>\n\n\n\n<p>Dies ist in der Tat die Aufgabe aller B\u00fcrger der Welt heute \u2013 nicht passiv zuzusehen und anzunehmen, dass die Situation so offenkundig schlecht ist, dass sie sich irgendwann von selbst korrigiert Das w\u00e4re ein fataler Fehler. Die Epstein-Klasse hat gezeigt, dass es keine rote Linie gibt, die sie nicht \u00fcberschreiten w\u00fcrde.<\/p>\n\n\n\n<p>Wie Zepp-LaRouche abschlie\u00dfend betonte: \u201eEs l\u00e4uft darauf hinaus, dass das gesamte System bis ins Mark verrottet ist. Und wenn sich ehrliche B\u00fcrger nicht zusammenschlie\u00dfen und fordern, dass dies aufh\u00f6rt, werden wir meiner Meinung nach den Zusammenbruch der westlichen Zivilisation erleben. Daf\u00fcr muss man dann weder die Russen noch die Chinesen oder irgendjemanden anderen verantwortlich machen, denn es wird allein der Westen sein, der aufgrund eines vollst\u00e4ndigen moralischen Verfalls seinen eigenen Untergang herbeif\u00fchrt. \u2026<\/p>\n\n\n\n<p>Es ist eine klare, offensichtliche Tatsache, dass alle Imperien in der Geschichte zusammengebrochen sind; und das aus demselben Grund, n\u00e4mlich wegen \u00dcberdehnung und wegen der Dekadenz ihrer Eliten. Ich glaube, wir sehen gerade jetzt beide Ph\u00e4nomene.\u201c<\/p>\n\n\n\n<p>Unterzeichnen und verbreiten Sie bitte den&nbsp;<a href=\"https:\/\/schillerinstitute.com\/de\/blog\/2026\/03\/10\/zepp-larouche-fordert-papst-leo-xiv-auf-auf-der-ebene-von-nikolaus-von-kues-zu-intervenieren\/?ref=eirna.de\" target=\"_blank\" rel=\"noreferrer noopener\">Offenen Brief des Schiller-Instituts an Papst Leo XIV.<\/a>&nbsp;und nehmen Sie teil an der Sitzung der <a href=\"https:\/\/schillerinstitute.com\/de\/blog\/2023\/07\/23\/die-internationale-friedenskoalition\/?ref=eirna.de\" target=\"_blank\" rel=\"noreferrer noopener\">Internationalen Friedenskoalition<\/a>&nbsp;am kommenden Freitag, um weitere Aktionen zu besprechen.<\/p>\n<!-- AddThis Advanced Settings generic via filter on the_content --><!-- AddThis Share Buttons generic via filter on the_content -->","protected":false},"excerpt":{"rendered":"<p>Die gef\u00e4hrliche Spirale im Iran und die Macht der Wahrheit Bitte beachten Sie, dass das Treffen der Internationalen Friedenskoalition diese Woche aufgrund der Zeitumstellung in den USA bereits um 16.00 Uhr MEZ stattfindet. In ihrem internationalen&nbsp;w\u00f6chentlichen Webcast&nbsp;am 18. M\u00e4rz warnte Helga Zepp-LaRouche, dass \u201edie Welt&hellip;<!-- AddThis Advanced Settings generic via filter on get_the_excerpt --><!-- AddThis Share Buttons generic via filter on get_the_excerpt --><\/p>\n","protected":false},"author":33,"featured_media":115531,"comment_status":"open","ping_status":"closed","sticky":false,"template":"","format":"standard","meta":{"_lmt_disableupdate":"","_lmt_disable":"","footnotes":""},"categories":[37],"tags":[],"class_list":["post-115530","post","type-post","status-publish","format-standard","has-post-thumbnail","hentry","category-allgemein-de"],"featured_image_src":"https:\/\/schillerinstitute.com\/wp-content\/uploads\/2026\/03\/IPC-146-Einladung.jpg","author_info":{"display_name":"tobi","author_link":"https:\/\/schillerinstitute.com\/de\/blog\/author\/tobi\/"},"modified_by":"tobi","cc_featured_image_caption":{"caption_text":"","source_text":"","source_url":""},"_links":{"self":[{"href":"https:\/\/schillerinstitute.com\/de\/wp-json\/wp\/v2\/posts\/115530","targetHints":{"allow":["GET"]}}],"collection":[{"href":"https:\/\/schillerinstitute.com\/de\/wp-json\/wp\/v2\/posts"}],"about":[{"href":"https:\/\/schillerinstitute.com\/de\/wp-json\/wp\/v2\/types\/post"}],"author":[{"embeddable":true,"href":"https:\/\/schillerinstitute.com\/de\/wp-json\/wp\/v2\/users\/33"}],"replies":[{"embeddable":true,"href":"https:\/\/schillerinstitute.com\/de\/wp-json\/wp\/v2\/comments?post=115530"}],"version-history":[{"count":6,"href":"https:\/\/schillerinstitute.com\/de\/wp-json\/wp\/v2\/posts\/115530\/revisions"}],"predecessor-version":[{"id":115547,"href":"https:\/\/schillerinstitute.com\/de\/wp-json\/wp\/v2\/posts\/115530\/revisions\/115547"}],"wp:featuredmedia":[{"embeddable":true,"href":"https:\/\/schillerinstitute.com\/de\/wp-json\/wp\/v2\/media\/115531"}],"wp:attachment":[{"href":"https:\/\/schillerinstitute.com\/de\/wp-json\/wp\/v2\/media?parent=115530"}],"wp:term":[{"taxonomy":"category","embeddable":true,"href":"https:\/\/schillerinstitute.com\/de\/wp-json\/wp\/v2\/categories?post=115530"},{"taxonomy":"post_tag","embeddable":true,"href":"https:\/\/schillerinstitute.com\/de\/wp-json\/wp\/v2\/tags?post=115530"}],"curies":[{"name":"wp","href":"https:\/\/api.w.org\/{rel}","templated":true}]}}