{"id":115495,"date":"2026-03-17T17:23:29","date_gmt":"2026-03-17T21:23:29","guid":{"rendered":"https:\/\/schillerinstitute.com\/?p=115495"},"modified":"2026-03-18T10:09:28","modified_gmt":"2026-03-18T14:09:28","slug":"helga-zepp-larouche-mostafa-maleki-zerbricht-die-nato-ueber-dem-us-angriffskrieg-gegen-den-iran","status":"publish","type":"post","link":"https:\/\/schillerinstitute.com\/de\/blog\/2026\/03\/17\/helga-zepp-larouche-mostafa-maleki-zerbricht-die-nato-ueber-dem-us-angriffskrieg-gegen-den-iran\/","title":{"rendered":"Helga Zepp-LaRouche &amp; Mostafa Maleki: Zerbricht die NATO \u00fcber dem US-Angriffskrieg gegen den Iran?"},"content":{"rendered":"\n<p>Helga Zepp-LaRouche beleuchtet im Dialog mit dem Presseattach\u00e9 der iranischen Botschaft in Berlin, <br>Dr. Mostafa Maleki, verschiedene Auswirkungen dieses unprovozierten Angriffskrieges. Das internationale V\u00f6lkerrecht liegt in Scherben, das Vertrauen in die Diplomatie ist zerst\u00f6rt. Die Blockade der Stra\u00dfe von Hormus hat massive Auswirkungen auf die Weltwirtschaft und k\u00f6nnte das fragile Weltfinanzsystem zum Bruchpunkt bringen. Die Verb\u00fcndeten versagen Trump die Gefolgschaft, der droht mit dem Abzug der USA aus der NATO. Es droht eine Eskalation bis zum Bruch des ultimativen Tabus, dem Einsatz von Atomwaffen, von dem der Berater des Atlantic Council, Harlan Ullman, in \u201eThe Hill\u201c schon spricht.<\/p>\n\n\n\n<p>Die Sicht des Irans kommt in den deutschen Mainstream-Medien nie vor,&nbsp;deshalb wird in dieser Webcast eine Sicht auf die Ereignisse gegeben, die es erm\u00f6glichen soll, dass die Zuschauer sich selbst ein Bild machen k\u00f6nnen. Wenn selbst der Direktor des Zentrums f\u00fcr Terrorismusbek\u00e4mpfung in den USA, Joseph Kent, zur\u00fccktritt, weil er es mit seinem Gewissen nicht vereinbaren kann, den Krieg gegen ein Land mitzutragen, das keine Bedrohung darstellte, dann ist es h\u00f6chste Zeit, dass die g\u00e4ngige \u201eNarrative\u201c durch einen objektiven Blick ersetzt wird.<\/p>\n\n\n\n<figure class=\"wp-block-embed is-type-video is-provider-youtube wp-block-embed-youtube wp-embed-aspect-16-9 wp-has-aspect-ratio\"><div class=\"wp-block-embed__wrapper\">\n<iframe loading=\"lazy\" title=\"Zerbricht die NATO \u00fcber dem US-Angriffskrieg gegen den Iran?\" width=\"960\" height=\"540\" src=\"https:\/\/www.youtube.com\/embed\/28thYGObfF0?feature=oembed\" frameborder=\"0\" allow=\"accelerometer; autoplay; clipboard-write; encrypted-media; gyroscope; picture-in-picture; web-share\" referrerpolicy=\"strict-origin-when-cross-origin\" allowfullscreen><\/iframe>\n<\/div><\/figure>\n\n\n\n<p><a href=\"https:\/\/www.youtube.com\/@B%C3%BCSoB%C3%BCrgerrechtsbewegungSolida\"><\/a><\/p>\n<!-- AddThis Advanced Settings generic via filter on the_content --><!-- AddThis Share Buttons generic via filter on the_content -->","protected":false},"excerpt":{"rendered":"<p>Helga Zepp-LaRouche beleuchtet im Dialog mit dem Presseattach\u00e9 der iranischen Botschaft in Berlin, Dr. Mostafa Maleki, verschiedene Auswirkungen dieses unprovozierten Angriffskrieges. Das internationale V\u00f6lkerrecht liegt in Scherben, das Vertrauen in die Diplomatie ist zerst\u00f6rt. Die Blockade der Stra\u00dfe von Hormus hat massive Auswirkungen auf die&hellip;<!-- AddThis Advanced Settings generic via filter on get_the_excerpt --><!-- AddThis Share Buttons generic via filter on get_the_excerpt --><\/p>\n","protected":false},"author":33,"featured_media":115507,"comment_status":"open","ping_status":"closed","sticky":false,"template":"","format":"standard","meta":{"_lmt_disableupdate":"","_lmt_disable":"","footnotes":""},"categories":[471,462],"tags":[],"class_list":["post-115495","post","type-post","status-publish","format-standard","has-post-thumbnail","hentry","category-webcast-de","category-webcast-mit-helga-zepp-larouche"],"featured_image_src":"https:\/\/schillerinstitute.com\/wp-content\/uploads\/2026\/03\/webcast-deutsch-neu-1.jpg","author_info":{"display_name":"tobi","author_link":"https:\/\/schillerinstitute.com\/de\/blog\/author\/tobi\/"},"modified_by":"tobi","cc_featured_image_caption":{"caption_text":"","source_text":"","source_url":""},"_links":{"self":[{"href":"https:\/\/schillerinstitute.com\/de\/wp-json\/wp\/v2\/posts\/115495","targetHints":{"allow":["GET"]}}],"collection":[{"href":"https:\/\/schillerinstitute.com\/de\/wp-json\/wp\/v2\/posts"}],"about":[{"href":"https:\/\/schillerinstitute.com\/de\/wp-json\/wp\/v2\/types\/post"}],"author":[{"embeddable":true,"href":"https:\/\/schillerinstitute.com\/de\/wp-json\/wp\/v2\/users\/33"}],"replies":[{"embeddable":true,"href":"https:\/\/schillerinstitute.com\/de\/wp-json\/wp\/v2\/comments?post=115495"}],"version-history":[{"count":2,"href":"https:\/\/schillerinstitute.com\/de\/wp-json\/wp\/v2\/posts\/115495\/revisions"}],"predecessor-version":[{"id":115517,"href":"https:\/\/schillerinstitute.com\/de\/wp-json\/wp\/v2\/posts\/115495\/revisions\/115517"}],"wp:featuredmedia":[{"embeddable":true,"href":"https:\/\/schillerinstitute.com\/de\/wp-json\/wp\/v2\/media\/115507"}],"wp:attachment":[{"href":"https:\/\/schillerinstitute.com\/de\/wp-json\/wp\/v2\/media?parent=115495"}],"wp:term":[{"taxonomy":"category","embeddable":true,"href":"https:\/\/schillerinstitute.com\/de\/wp-json\/wp\/v2\/categories?post=115495"},{"taxonomy":"post_tag","embeddable":true,"href":"https:\/\/schillerinstitute.com\/de\/wp-json\/wp\/v2\/tags?post=115495"}],"curies":[{"name":"wp","href":"https:\/\/api.w.org\/{rel}","templated":true}]}}