{"id":115228,"date":"2026-03-10T15:01:32","date_gmt":"2026-03-10T19:01:32","guid":{"rendered":"https:\/\/schillerinstitute.com\/?p=115228"},"modified":"2026-03-10T15:12:32","modified_gmt":"2026-03-10T19:12:32","slug":"live-mit-helga-zepp-larouche-iran-krieg-den-selbstmord-der-zivilisation-stoppen-11-03-2026-18-30-uhr","status":"publish","type":"post","link":"https:\/\/schillerinstitute.com\/de\/blog\/2026\/03\/10\/live-mit-helga-zepp-larouche-iran-krieg-den-selbstmord-der-zivilisation-stoppen-11-03-2026-18-30-uhr\/","title":{"rendered":"Live mit Helga Zepp-LaRouche: Iran-Krieg: Den Selbstmord der Zivilisation stoppen!, 11.03.2026, 18.30 Uhr"},"content":{"rendered":"\n<p><em>Schlie\u00dfen Sie sich&nbsp;Helga&nbsp;Zepp-LaRouche&nbsp;in ihrem Live-Dialog an und diskutieren Sie die Themen und L\u00f6sungen, die die Welt und die Menschen bewegen. Senden Sie Ihre Fragen, Kommentare und Berichte an&nbsp;<a href=\"mailto:fragen@bueso.de\" target=\"_blank\" rel=\"noreferrer noopener\"><em>fragen@bueso.de<\/em><\/a>&nbsp;oder stellen Sie diese im n\u00e4chsten Live-Stream.<\/em><\/p>\n\n\n\n<p><em><strong>Bitte verbreiten Sie die Einladung in Ihrem Freundes,- Bekannten- und Kollegenkreis, um die Reichweite der von der&nbsp;LaRouche-Bewegung vorgestellten L\u00f6sungsans\u00e4tze zu erh\u00f6hen.<\/strong><\/em><\/p>\n\n\n\n<p>Die Gr\u00fcnderin des Schiller-Instituts, Helga Zepp-LaRouche, ver\u00f6ffentlichte heute einen offenen Brief an Papst Leo XIV., in dem sie zun\u00e4chst ihr Anliegen gegen\u00fcber dem Pontifex darlegte: \u201eIch schreibe Ihnen in dieser f\u00fcr die Menschheit so schweren Stunde, da Sie m\u00f6glicherweise die einzige Person sind, die noch hoffen kann, einen Absturz in das zu vermeiden, was Sie selbst als \u201aunwiderruflichen Abgrund\u2018 bezeichnet haben \u2026\u201c Sie verwies auf die unmittelbare Gefahr, die von dem sich rasch ausweitenden Krieg gegen den Iran ausgeht.<\/p>\n\n\n\n<figure class=\"wp-block-embed is-type-video is-provider-youtube wp-block-embed-youtube wp-embed-aspect-16-9 wp-has-aspect-ratio\"><div class=\"wp-block-embed__wrapper\">\n<iframe loading=\"lazy\" title=\"Iran-Krieg: Den Selbstmord der Zivilisation stoppen!\" width=\"960\" height=\"540\" src=\"https:\/\/www.youtube.com\/embed\/S9frqPRJLdE?feature=oembed\" frameborder=\"0\" allow=\"accelerometer; autoplay; clipboard-write; encrypted-media; gyroscope; picture-in-picture; web-share\" referrerpolicy=\"strict-origin-when-cross-origin\" allowfullscreen><\/iframe>\n<\/div><\/figure>\n\n\n\n<p>In den letzten 48 Stunden wurde die Stra\u00dfe von Hormus trotz gegenteiliger Wunschvorstellungen f\u00fcr \u00d6ltanker gesperrt, und die Energieversorgung ist stark beeintr\u00e4chtigt, da die USA und Israel anhaltende, massive Angriffe auf den Iran durchf\u00fchren. Die malthusianischen (bzw. \u201esatanischen\u201c) Meister hinter dieser Politik messen ihren \u201eErfolg\u201c daran, dass sie die physische Produktion, moderne Standards der Hygiene und Langlebigkeit sowie die Institution souver\u00e4ner Nationen zunichte machen. Und f\u00fcr sie ist die Unterbrechung der Energieversorgung ein gro\u00dfer Schritt in diese Richtung. Das sind die Vertreter der super dekadenten \u201eEpstein-Klasse\u201c, die in einer Fantasiewelt leben, die nur von Objekten ihrer Ausbeutung bev\u00f6lkert ist.<\/p>\n\n\n\n<p>Schauen Sie sich Mitteleuropa an. Heute hat Ungarn die Br\u00fcsseler EU-Clique aufgefordert, sich der Realit\u00e4t zu stellen und das Verbot f\u00fcr russisches \u00d6l und Gas aufzuheben. Der slowakische Ministerpr\u00e4sident Peter Fico warnte, die \u201er\u00fccksichtslose, grobe Verletzung\u201c des V\u00f6lkerrechts durch die Clique habe eine Art von Draufg\u00e4ngertum bei Ukraines Selenskyj ausgel\u00f6st, der \u00f6ffentlich dazu aufgerufen habe, den ungarischen Ministerpr\u00e4sidenten Viktor Orb\u00e1n zu ermorden. Eine solche Geisteshaltung, so warnte Fico, k\u00f6nnte Selenskyj leicht dazu veranlassen, ein Nord Stream 2.0 zu starten und die ber\u00fchmte Druschba-\u00d6lpipeline von Russland nach Europa zu zerst\u00f6ren.<\/p>\n\n\n\n<p>Die gleiche Krankheit breitet sich auch in den Vereinigten Staaten aus. Drei\u00dfig US-Kongressabgeordnete erhoben sich und prangerten die \u201eArmageddonistische\u201c Infektion an, die verschiedene Milit\u00e4rkommandanten erfasst hat, angefangen beim Weltuntergangs-Psychopathen, Kriegsminister Pete Hegseth. Pr\u00e4sident Trump arbeitet weiterhin eng mit Hegseth in Bezug auf den Iran zusammen und erkl\u00e4rte gegen\u00fcber den Medien, der Bombenangriff auf die iranische M\u00e4dchenschule in der vergangenen Woche, ein \u201eDouble-Tap\u201c-Angriff \u2013 ein Kriegsverbrechen \u2013, sei vom Iran selbst durchgef\u00fchrt worden! Sp\u00e4ter am selben Tag rief Trump jedoch den russischen Pr\u00e4sidenten Putin an, um die Krise im Iran zu besprechen. Obwohl die Einzelheiten dazu derzeit noch nicht bekannt sind, schlug Trump vor, sie sollten ihre Zusage, sich regelm\u00e4\u00dfiger zu beraten, erneuern.<\/p>\n\n\n\n<p>Zepp-LaRouches Brief an Papst Leo XIV. interveniert in diese sich rapide versch\u00e4rfende globale Krise und forderte direkt zum Handeln auf: \u201eIch schreibe Ihnen in dieser f\u00fcr die Menschheit so ernsten Stunde, da Sie m\u00f6glicherweise die einzige Person sind, die noch hoffen kann, einen Absturz in das zu verhindern, was Sie selbst als ,unwiderruflichen Abgrund\u2018 bezeichnet haben, n\u00e4mlich eine Eskalation des unprovozierten Krieges gegen den Iran zu einem potenziell globalen Atomkrieg, der alles Leben auf der Erde beenden w\u00fcrde.<\/p>\n\n\n\n<p>In der letzten Zeit ist die Welt in eine radikal verschlechterte Phase eingetreten, in der das V\u00f6lkerrecht f\u00fcr nicht existent erkl\u00e4rt wurde \u2026 und das Prinzip ,Macht geht vor Recht\u2018 zum Privileg der M\u00e4chtigen erhoben wird.\u201c<\/p>\n\n\n\n<p>Das Ergebnis seien unn\u00f6tige Armut und Tod, doch noch schlimmer sei, dass die Menschheit vor der nuklearen Vernichtung steht. \u201eEtwas, das ein positiver, vielleicht sogar entscheidender Schritt sein k\u00f6nnte, um das Bewusstsein der Welt zu wecken, w\u00e4re \u2013 im Geiste des Konzils von Florenz und der von Nikolaus von Kues herbeigef\u00fchrten Einheit der Kirche, der die Delegationen der orthodoxen Kirche zu den Konzilen von Florenz und Ferrara brachte \u2013, dass Sie, Eure Heiligkeit, und Patriarch Kirill von Moskau sowie Patriarch Bartholom\u00e4us I. von Konstantinopel den mutigen Schritt tun und alle religi\u00f6sen F\u00fchrer der Welt sowie alle Menschen guten Willens, Gl\u00e4ubige und Nichtgl\u00e4ubige gleicherma\u00dfen, aufrufen, sich f\u00fcr die Verteidigung des Friedens einzusetzen.\u201c<\/p>\n\n\n\n<p>Unter Bezugnahme auf den Aufruf des Papstes vom vergangenen Herbst zur Methode des Denkens und Handelns des \u201eZusammenfalls der Gegens\u00e4tze\u201c, die urspr\u00fcnglich von Kardinal Nikolaus von Kues vorgeschlagen wurde, als der Fall Konstantinopels 1453 die Anh\u00e4nger eines einzigen Gottes zu erbitterten Kriegern gegeneinander zu machen drohte, erkl\u00e4rte Zepp-LaRouche: \u201e In einer Zeit, in der die Gefahr eines Weltkrieges besteht und einige den Mantel der Religion nutzen, um f\u00fcr ein baldiges Armageddon zu argumentieren, muss dieselbe Stimme der Vernunft erhoben werden \u2026 dass es nicht sein kann, dass Menschen sich im Namen Gottes gegenseitig t\u00f6ten.\u201c<\/p>\n\n\n\n<p>Sie schloss mit den Worten: \u201eWenn als erster Schritt die Kirchen des Westens und des Ostens sich zusammenschlie\u00dfen und sich aktiv und t\u00e4glich f\u00fcr den Weltfrieden einsetzten, k\u00f6nnte dies die Mehrheit der Menschen dazu bewegen, sich f\u00fcr den Frieden zu engagieren, und so eine Ver\u00e4nderung in der Weltgeschichte zu bewirken und den Willen Gottes zu erf\u00fcllen, der die Welt sicherlich nicht geschaffen und der Menschheit die Vernunft geschenkt hat, damit sie durch deren Fehlen zerst\u00f6rt wird.\u201c<\/p>\n<!-- AddThis Advanced Settings generic via filter on the_content --><!-- AddThis Share Buttons generic via filter on the_content -->","protected":false},"excerpt":{"rendered":"<p>Schlie\u00dfen Sie sich&nbsp;Helga&nbsp;Zepp-LaRouche&nbsp;in ihrem Live-Dialog an und diskutieren Sie die Themen und L\u00f6sungen, die die Welt und die Menschen bewegen. Senden Sie Ihre Fragen, Kommentare und Berichte an&nbsp;fragen@bueso.de&nbsp;oder stellen Sie diese im n\u00e4chsten Live-Stream. Bitte verbreiten Sie die Einladung in Ihrem Freundes,- Bekannten- und Kollegenkreis,&hellip;<!-- AddThis Advanced Settings generic via filter on get_the_excerpt --><!-- AddThis Share Buttons generic via filter on get_the_excerpt --><\/p>\n","protected":false},"author":33,"featured_media":115229,"comment_status":"open","ping_status":"closed","sticky":false,"template":"","format":"standard","meta":{"_lmt_disableupdate":"","_lmt_disable":"","footnotes":""},"categories":[471,462],"tags":[],"class_list":["post-115228","post","type-post","status-publish","format-standard","has-post-thumbnail","hentry","category-webcast-de","category-webcast-mit-helga-zepp-larouche"],"featured_image_src":"https:\/\/schillerinstitute.com\/wp-content\/uploads\/2026\/03\/webcast-deutsch-11-maerz.jpg","author_info":{"display_name":"tobi","author_link":"https:\/\/schillerinstitute.com\/de\/blog\/author\/tobi\/"},"modified_by":"tobi","cc_featured_image_caption":{"caption_text":"","source_text":"","source_url":""},"_links":{"self":[{"href":"https:\/\/schillerinstitute.com\/de\/wp-json\/wp\/v2\/posts\/115228","targetHints":{"allow":["GET"]}}],"collection":[{"href":"https:\/\/schillerinstitute.com\/de\/wp-json\/wp\/v2\/posts"}],"about":[{"href":"https:\/\/schillerinstitute.com\/de\/wp-json\/wp\/v2\/types\/post"}],"author":[{"embeddable":true,"href":"https:\/\/schillerinstitute.com\/de\/wp-json\/wp\/v2\/users\/33"}],"replies":[{"embeddable":true,"href":"https:\/\/schillerinstitute.com\/de\/wp-json\/wp\/v2\/comments?post=115228"}],"version-history":[{"count":2,"href":"https:\/\/schillerinstitute.com\/de\/wp-json\/wp\/v2\/posts\/115228\/revisions"}],"predecessor-version":[{"id":115241,"href":"https:\/\/schillerinstitute.com\/de\/wp-json\/wp\/v2\/posts\/115228\/revisions\/115241"}],"wp:featuredmedia":[{"embeddable":true,"href":"https:\/\/schillerinstitute.com\/de\/wp-json\/wp\/v2\/media\/115229"}],"wp:attachment":[{"href":"https:\/\/schillerinstitute.com\/de\/wp-json\/wp\/v2\/media?parent=115228"}],"wp:term":[{"taxonomy":"category","embeddable":true,"href":"https:\/\/schillerinstitute.com\/de\/wp-json\/wp\/v2\/categories?post=115228"},{"taxonomy":"post_tag","embeddable":true,"href":"https:\/\/schillerinstitute.com\/de\/wp-json\/wp\/v2\/tags?post=115228"}],"curies":[{"name":"wp","href":"https:\/\/api.w.org\/{rel}","templated":true}]}}