{"id":114692,"date":"2026-02-10T13:56:39","date_gmt":"2026-02-10T18:56:39","guid":{"rendered":"https:\/\/schillerinstitute.com\/?p=114692"},"modified":"2026-02-10T13:56:42","modified_gmt":"2026-02-10T18:56:42","slug":"live-mit-helga-zepp-larouche-epstein-skandal-das-ende-der-oligarchie-11-02-2026-18-30-uhr","status":"publish","type":"post","link":"https:\/\/schillerinstitute.com\/de\/blog\/2026\/02\/10\/live-mit-helga-zepp-larouche-epstein-skandal-das-ende-der-oligarchie-11-02-2026-18-30-uhr\/","title":{"rendered":"Live mit Helga Zepp-LaRouche: Epstein-Skandal: Das Ende der Oligarchie?, 11.02.2026, 18.30 Uhr"},"content":{"rendered":"\n<p class=\"has-text-align-center\"><em>Schlie\u00dfen Sie sich\u00a0Helga\u00a0Zepp-LaRouche\u00a0in ihrem Live-Dialog an und diskutieren Sie, ob der Epstein-Skandal bedeutet, dass die Menschheit schlecht ist. Senden Sie Ihre Fragen, Kommentare und Berichte an\u00a0<\/em><a href=\"mailto:fragen@bueso.de\" target=\"_blank\" rel=\"noreferrer noopener\"><em>fragen@bueso.de<\/em><\/a><em>\u00a0oder stellen Sie diese im n\u00e4chsten Live-Stream.<\/em><\/p>\n\n\n\n<p class=\"has-text-align-center\"><em><strong>Bitte verbreiten Sie die Einladung in Ihrem Freundes,- Bekannten- und Kollegenkreis, um die Reichweite der von der&nbsp;LaRouche-Bewegung vorgestellten L\u00f6sungsans\u00e4tze zu erh\u00f6hen.&nbsp;<\/strong><\/em><strong>&nbsp;<\/strong><\/p>\n\n\n\n<figure class=\"wp-block-embed is-type-video is-provider-youtube wp-block-embed-youtube wp-embed-aspect-16-9 wp-has-aspect-ratio\"><div class=\"wp-block-embed__wrapper\">\n<iframe loading=\"lazy\" title=\"Epstein-Skandal: Das Ende der Oligarchie\" width=\"960\" height=\"540\" src=\"https:\/\/www.youtube.com\/embed\/r0voRQNkxGg?feature=oembed\" frameborder=\"0\" allow=\"accelerometer; autoplay; clipboard-write; encrypted-media; gyroscope; picture-in-picture; web-share\" referrerpolicy=\"strict-origin-when-cross-origin\" allowfullscreen><\/iframe>\n<\/div><\/figure>\n\n\n\n<p>Das Gespenst der Akten von Jeffrey Epstein verfolgt nun die h\u00f6chsten Kreise des westlichen Establishments und lauert darauf, die imagin\u00e4re Ehre seines n\u00e4chsten Opfers zu zerst\u00f6ren. Das britische Establishment liegt dabei gerade in F\u00fchrung, nachdem innerhalb von nur 48 Stunden bereits das zweite Mitglied der Regierung von Premierminister Starmer zur\u00fcckgetreten ist. Unterdessen werden im US-Kongress neue Anstrengungen unternommen, um die Namen in den bereits ver\u00f6ffentlichten mehr als 3 Millionen Akten zu entschl\u00fcsseln und die restlichen Millionen von Dokumenten freizugeben.<\/p>\n\n\n\n<p>In einer Diskussion mit Mitarbeitern beschrieb Helga Zepp-LaRouche die Situation als <em>\u201evorrevolution\u00e4r\u201c<\/em> \u2013 nicht nur in den USA und Europa, sondern auf der ganzen Welt. Die Enth\u00fcllungen \u00fcber Epstein seien nur <em>\u201edie Spitze des Eisbergs\u201c<\/em>, sagte sie. Sie enth\u00fcllten den \u201eunglaublichen moralischen Verfall und die Korruption des westlichen Systems, insbesondere der westlichen Eliten\u201c. Dies k\u00f6nne dazu f\u00fchren, dass sich die Menschen aus ihrer Paralyse befreien und sich mit den h\u00e4sslichen Realit\u00e4ten konfrontieren.<\/p>\n\n\n\n<p>Zepp-LaRouche bezeichnete dies als <em>\u201eLawine, die nicht mehr aufzuhalten ist, weil sie nun ihre eigene Dynamik erreicht hat, die das ganze System mit sich reisst\u201c<\/em>&#8211; Die Frage ist, wie die \u00fcbrigen, hoffentlich nachdenklichen Mitglieder der Gesellschaft auf diese vorrevolution\u00e4re Situation reagieren werden. Bringen wir den Mut auf, nicht nur die in Schande gefallenen F\u00fchrer zu ersetzen, sondern auch ihre satanische Weltanschauung und den dazugeh\u00f6rigen politischen Rahmen?<\/p>\n\n\n\n<p>In dieser Hinsicht gibt es zunehmend Anzeichen f\u00fcr eine R\u00fcckkehr zur Vernunft in Europa. Der derzeitige Vorsitzende der OSZE und Au\u00dfenminister der Schweiz, Ignazio Cassis, besuchte am 5. und 6. Februar Moskau, um sich mit dem russischen Au\u00dfenminister Sergej Lawrow zu treffen. Neben einem symboltr\u00e4chtigen Austausch von Geschenken, die an die Bedeutung Russlands in Europa erinnerten, legten beide gemeinsam Blumen am Grabmal des Unbekannten Soldaten in Moskau nieder.<\/p>\n\n\n\n<p>Unterdessen bleibt die Lage mit dem Iran angespannt. Nach den Verhandlungen in Oman gibt es weitere Beratungen. Das iranische Parlament hielt am 9. Februar eine geschlossene Sitzung ab, um die Ergebnisse zu diskutieren, an der auch Au\u00dfenminister Abbas Araghchi teilnahm. Im Laufe der Woche wird eine hochrangige iranische Delegation nach Oman zur\u00fcckkehren, um die Verhandlungen fortzusetzen. W\u00e4hrenddessen wurde die h\u00e4ssliche Rolle, die von den Regierungen der USA und Westeuropas verfolgt wird, von US-Finanzminister Scott Bessent in einer Anh\u00f6rung vor dem Senat am 5. Februar offenbart. Bessent gab dabei zu, dass die USA im vergangenen Dezember eine Dollarknappheit im Iran erzwungen haben, was zum Zusammenbruch einer der gr\u00f6\u00dften Banken des Landes f\u00fchrte. \u201eEs kam zu einem Ansturm auf die Bank; die Zentralbank musste Geld drucken; die iranische W\u00e4hrung st\u00fcrzte ab; die Inflation explodierte; und so sahen wir das iranische Volk auf die Stra\u00dfe gehen\u201c, prahlte Bessent, sichtlich stolz auf das Vorgehen der USA.<\/p>\n\n\n\n<p>In die v\u00f6llig falsche Richtung geht die von der Trump-Regierung angek\u00fcndigte \u00c4nderung ihrer Politik in Bezug auf die Kontrolle von Atomwaffen. Nachdem der New-START-Vertrag, das einzige verbleibende Atomwaffenabkommen zwischen den USA und Russland, am 5. Februar ausgelaufen war, erl\u00e4uterte der US-Staatssekret\u00e4r f\u00fcr R\u00fcstungskontrolle und internationale Sicherheit, Thomas DiNanno, die Gr\u00fcnde der Regierung w\u00e4hrend einer Konferenz \u00fcber Abr\u00fcstung am 6. Februar in Genf. Er machte Russland und China f\u00fcr das Auslaufen des Vertrags verantwortlich und sagte dann: \u201eDie Vereinigten Staaten k\u00f6nnen nun endlich Ma\u00dfnahmen ergreifen, die im Einklang mit unserer nationalen Sicherheitsstrategie und unserer nationalen Verteidigungsstrategie stehen, um die Abschreckung im Namen des amerikanischen Volkes und unserer Verb\u00fcndeten zu st\u00e4rken.\u201c Dazu geh\u00f6re auch der Einsatz \u201enicht stationierter Nuklearkapazit\u00e4ten\u201c, um \u201eauf das sich abzeichnende Sicherheitsumfeld zu reagieren\u201c, falls Trump sich daf\u00fcr entscheidet.<\/p>\n\n\n\n<p>Es ist klar, dass ein solcher Ansatz nicht funktionieren wird und unsere Menschheit neue Prinzipien braucht. F\u00fcr eine sch\u00f6ne und lebenswerte Zukunft m\u00fcssen wir die perversen und b\u00f6sartigen Ansichten heutiger selbsternannter und nun diskreditierter \u201eEliten\u201edurch ein Verst\u00e4ndnis der kreativen F\u00e4higkeiten des Menschen und der Liebe zur Menschheit ersetzen.<\/p>\n\n\n\n<p>Der amerikanische Staatsmann und \u00d6konom Lyndon LaRouche, der auf der politischen Abschussliste von Kreaturen wie denen der Kreise von Epsteins Freunden stand, lieferte dazu 2004 eine n\u00fctzliche Perspektive in\u00a0<a href=\"https:\/\/www.youtube.com\/watch?v=KyW0CRWXP04\" data-type=\"link\" data-id=\"https:\/\/www.youtube.com\/watch?v=KyW0CRWXP04\" target=\"_blank\" rel=\"noreferrer noopener\"><strong>einer Rede bei einem Treffen mit Jugendlichen<\/strong><\/a>:<\/p>\n\n\n\n<p><em>\u201eNun zu der Frage, wie Sie Ihr Leben betrachten. Sehen Sie Ihr Leben als eingeklemmt zwischen zwei Buchst\u00fctzen? Spielt sich Ihr Leben nur zwischen diesen Buchst\u00fctzen ab und m\u00fcssen Sie sich deshalb eine angenehme Lekt\u00fcre schaffen? Muss jede Seite Freude, Trost und Befriedigung bringen? \u2026<\/em><\/p>\n\n\n\n<p><em>Oder ist es \u2013 in dem Wissen, dass es die Natur des Menschen ist, geboren zu werden und fr\u00fcher oder sp\u00e4ter zu sterben-, nicht entscheidend, wie man sein Leben verbringt und was man f\u00fcr die Menschheit bewirkt? Alle wirkungsvollen Menschen in der Geschichte haben diese Entscheidung getroffen. Sie hatten eine Vorstellung von Geburt und Tod als eine Art Buchst\u00fctzen der Sterblichkeit. Aber sie sahen in sich auch etwas, das \u00fcber die Sterblichkeit hinausgeht: die F\u00e4higkeit, die Wahrheit zu entdecken, die Prinzipien des Universums zu entdecken und diese der Menschheit zu vermitteln. Sie an die Menschheit weiterzugeben, damit sie von heutigen oder zuk\u00fcnftigen Generationen zum Wohle der Menschheit genutzt werden k\u00f6nnen, in dem Sinne, dass man lebt, um die Zukunft der Menschheit zu gestalten. Man lebt, indem man aus der Vergangenheit sch\u00f6pft. Man korrigiert die Ungerechtigkeiten der Vergangenheit. In der Vergangenheit wurde f\u00fcr die Wahrheit gek\u00e4mpft, von Zivilisationen, die vernichtet wurden, von Menschen, die vernichtet wurden. Wenn man etwas tut, um den Toten Gerechtigkeit widerfahren zu lassen, selbst wenn dies Tausende von Jahren sp\u00e4ter geschieht, wird das eigene Leben wichtig. Denn man verschafft nicht nur ihnen Gerechtigkeit, sondern gibt dem, was sie f\u00fcr die Zukunft getan haben, seine wahre Bedeutung.\u201c<\/em><\/p>\n<!-- AddThis Advanced Settings generic via filter on the_content --><!-- AddThis Share Buttons generic via filter on the_content -->","protected":false},"excerpt":{"rendered":"<p>Schlie\u00dfen Sie sich\u00a0Helga\u00a0Zepp-LaRouche\u00a0in ihrem Live-Dialog an und diskutieren Sie, ob der Epstein-Skandal bedeutet, dass die Menschheit schlecht ist. Senden Sie Ihre Fragen, Kommentare und Berichte an\u00a0fragen@bueso.de\u00a0oder stellen Sie diese im n\u00e4chsten Live-Stream. Bitte verbreiten Sie die Einladung in Ihrem Freundes,- Bekannten- und Kollegenkreis, um die&hellip;<!-- AddThis Advanced Settings generic via filter on get_the_excerpt --><!-- AddThis Share Buttons generic via filter on get_the_excerpt --><\/p>\n","protected":false},"author":33,"featured_media":114693,"comment_status":"open","ping_status":"closed","sticky":false,"template":"","format":"standard","meta":{"_lmt_disableupdate":"","_lmt_disable":"","footnotes":""},"categories":[37,471,462],"tags":[],"class_list":["post-114692","post","type-post","status-publish","format-standard","has-post-thumbnail","hentry","category-allgemein-de","category-webcast-de","category-webcast-mit-helga-zepp-larouche"],"featured_image_src":"https:\/\/schillerinstitute.com\/wp-content\/uploads\/2026\/02\/webcast-dt-11-Februar.jpg","author_info":{"display_name":"tobi","author_link":"https:\/\/schillerinstitute.com\/de\/blog\/author\/tobi\/"},"modified_by":"tobi","cc_featured_image_caption":{"caption_text":"","source_text":"","source_url":""},"_links":{"self":[{"href":"https:\/\/schillerinstitute.com\/de\/wp-json\/wp\/v2\/posts\/114692","targetHints":{"allow":["GET"]}}],"collection":[{"href":"https:\/\/schillerinstitute.com\/de\/wp-json\/wp\/v2\/posts"}],"about":[{"href":"https:\/\/schillerinstitute.com\/de\/wp-json\/wp\/v2\/types\/post"}],"author":[{"embeddable":true,"href":"https:\/\/schillerinstitute.com\/de\/wp-json\/wp\/v2\/users\/33"}],"replies":[{"embeddable":true,"href":"https:\/\/schillerinstitute.com\/de\/wp-json\/wp\/v2\/comments?post=114692"}],"version-history":[{"count":1,"href":"https:\/\/schillerinstitute.com\/de\/wp-json\/wp\/v2\/posts\/114692\/revisions"}],"predecessor-version":[{"id":114703,"href":"https:\/\/schillerinstitute.com\/de\/wp-json\/wp\/v2\/posts\/114692\/revisions\/114703"}],"wp:featuredmedia":[{"embeddable":true,"href":"https:\/\/schillerinstitute.com\/de\/wp-json\/wp\/v2\/media\/114693"}],"wp:attachment":[{"href":"https:\/\/schillerinstitute.com\/de\/wp-json\/wp\/v2\/media?parent=114692"}],"wp:term":[{"taxonomy":"category","embeddable":true,"href":"https:\/\/schillerinstitute.com\/de\/wp-json\/wp\/v2\/categories?post=114692"},{"taxonomy":"post_tag","embeddable":true,"href":"https:\/\/schillerinstitute.com\/de\/wp-json\/wp\/v2\/tags?post=114692"}],"curies":[{"name":"wp","href":"https:\/\/api.w.org\/{rel}","templated":true}]}}