{"id":114486,"date":"2026-02-05T10:55:25","date_gmt":"2026-02-05T15:55:25","guid":{"rendered":"https:\/\/schillerinstitute.com\/?p=114486"},"modified":"2026-02-05T10:55:29","modified_gmt":"2026-02-05T15:55:29","slug":"internationale-friedenskoalition-140-06-02-2026-17-00-uhr","status":"publish","type":"post","link":"https:\/\/schillerinstitute.com\/de\/blog\/2026\/02\/05\/internationale-friedenskoalition-140-06-02-2026-17-00-uhr\/","title":{"rendered":"Internationale Friedenskoalition #140, 06.02.2026, 17.00 Uhr"},"content":{"rendered":"\n<h2 class=\"wp-block-heading\">NEW START &#8211; Atomwaffenabkommen endet<br>Nukleare Ausl\u00f6schung oder eine neue Sicherheits- und Entwicklungsarchitektur?<\/h2>\n\n\n<div class=\"info-box\">\n<h3 class=\"info-box-title\" style=\"\">140. Treffen der Internationalen Friedenskoalition<\/h3>\n<div class=\"info-box-content\" style=\"\">\n<p>NEW START &#8211; Atomwaffenabkommen endet<br \/>\nNukleare Ausl\u00f6schung oder eine neue Sicherheits- und Entwicklungsarchitektur?<\/p>\n<p>6. Februar 2026<br \/>\n17.00 Uhr <\/p>\n<p>Bitte mobilisieren Sie Ihre Organisationen.<\/p>\n<p>Nehmen Sie diese Woche gemeinsam mit f\u00fchrenden Friedensaktivisten aus aller Welt an der Internationalen Friedenskoalition teil. Die Redner werden noch bekannt gegeben.<\/p>\n<p>Bitte senden Sie uns so schnell wie m\u00f6glich Berichte und Initiativen f\u00fcr die Tagesordnung zu.\t<\/p>\n<p><a href=\"https:\/\/schillerinstitute.com\/de\/schliessen-sie-sich-der-internationalen-friedenskoalition-an\/\" class=\"custom-button small\" data-newwindow=\"true\">Zur Anmeldung<\/a>\n<\/p>\n<\/div>\n<\/div>\n\n\n\n<p>Der New-START-Vertrag \u2013 das letzte noch bestehende Atomwaffenabkommen zwischen den beiden gr\u00f6\u00dften Atomm\u00e4chten der Welt \u2013 ist heute ausgelaufen. Das Angebot des russischen Pr\u00e4sidenten Putin an die Vereinigten Staaten, die Beschr\u00e4nkungen des Vertrags f\u00fcr ein weiteres Jahr einzuhalten, stie\u00df auf keine offizielle Reaktion seitens der USA \u2013 eine Nicht-Antwort. \u201eAngesichts der Tatsache, dass sich die Welt bereits in einem unglaublichen Umbruch befindet\u201c, sagte die Gr\u00fcnderin des Schiller-Instituts, Helga Zepp-LaRouche, in ihrem internationalen\u00a0<a href=\"https:\/\/www.youtube.com\/live\/N7MPOOydaGw?si%3DnkWmN9wkYrMkuii0=&amp;ref=eirna.de\" target=\"_blank\" rel=\"noreferrer noopener\"><strong>Webcast vom 4. Februar<\/strong><\/a>, \u201eund alte Annahmen wie die regelbasierte Ordnung vollst\u00e4ndig zusammenbrechen, ist dies nur ein weiteres Element, das die gesamte Situation noch unsicherer macht.\u201c<\/p>\n\n\n\n<p>In seiner Generalaudienz am 4. Februar wies auch Papst Leo XIV. auf die Gefahr der Situation hin. \u201eIch appelliere dringend, dieses Instrument [New START] nicht auslaufen zu lassen, ohne konkrete und wirksame Folgema\u00dfnahmen zu ergreifen\u201c, sagte er und forderte, \u201ealles zu tun, um ein neues Wettr\u00fcsten zu verhindern, das den Frieden zwischen den Nationen weiter gef\u00e4hrden w\u00fcrde\u201c.<\/p>\n\n\n\n<p>In diesem zunehmend volatilen Umfeld trafen sich am Mittwoch der russische Pr\u00e4sident Putin und der chinesische Pr\u00e4sident Xi Jinping zu einer 90-min\u00fctigen Telefonkonferenz, bei der die Bedeutung der russisch-chinesischen Beziehungen f\u00fcr die globale Stabilit\u00e4t und den Wohlstand ganz oben auf der Tagesordnung stand. Die Staatschefs diskutierten nicht nur die Erfolge der laufenden Partnerschaft ihrer L\u00e4nder im Bereich des kulturellen, wissenschaftlichen und wirtschaftlichen Fortschritts, sondern auch deren Bedeutung f\u00fcr die Wahrung des Friedens. \u201eWas internationale Angelegenheiten angeht, so bleiben die au\u00dfenpolitischen Beziehungen zwischen Moskau und Peking ein wichtiger stabilisierender Faktor inmitten der zunehmenden Turbulenzen in der Welt\u201c, sagte Putin zu seinem Amtskollegen. \u201eWir sind bereit, die engste Zusammenarbeit bei globalen und regionalen Themen fortzusetzen, sowohl bilateral als auch innerhalb aller multilateralen Rahmenwerke: der UNO, der BRICS, der Shanghai Cooperation Organization und anderen, in denen das russisch-chinesische Tandem eine wesentliche Rolle spielt.\u201c<\/p>\n\n\n\n<p>Sp\u00e4ter am Tag telefonierte Pr\u00e4sident Xi mit Pr\u00e4sident Trump, was Trump als \u201eein ausgezeichnetes Telefongespr\u00e4ch, \u2026 ein langes und ausf\u00fchrliches Gespr\u00e4ch, in dem viele wichtige Themen besprochen wurden\u201c beschrieb, darunter den Krieg in der Ukraine und die Situation mit dem Iran. \u201eIch glaube, dass in den n\u00e4chsten drei Jahren meiner Pr\u00e4sidentschaft viele positive Ergebnisse in Bezug auf Pr\u00e4sident Xi und die Volksrepublik China erzielt werden!\u201c, schrieb Trump. Er best\u00e4tigte auch, dass er China im April besuchen werde. Welche Auswirkungen dieses Telefonat auf die unmittelbare Situation haben wird, ist ungewiss, aber wie Helga Zepp-LaRouche betonte, liegt es sowohl in Trumps eigenem Interesse als auch im Interesse der Menschheit, sich in diese Richtung zu orientieren. Sie sagte dazu: \u201eWenn Trump die Zwischenwahlen gewinnen will, sollte er von den Chinesen lernen und zum echten amerikanischen Wirtschaftssystem zur\u00fcckkehren, in die amerikanische Wirtschaft investieren und sie wieder aufbauen und nicht all das Geld f\u00fcr den milit\u00e4risch-industriellen Komplex verschwenden, der sich auf Kosten der Realwirtschaft die Taschen f\u00fcllt.\u201c<\/p>\n\n\n\n<p>W\u00e4hrend diese Gespr\u00e4che zwischen den Pr\u00e4sidenten stattfanden, liefen in Abu Dhabi die ersten trilateralen Gespr\u00e4che zwischen Russland, der Ukraine und den USA, und die z\u00e4hen Verhandlungen \u00fcber die Bedingungen und den Ort eines Treffens zwischen den USA und dem Iran am Freitag wurden fortgesetzt. Diese Verhandlungen sind fragil und ihr Ausgang ungewiss, insbesondere weil jene Eliten, deren Kontrolle \u00fcber die Weltpolitik zusammen mit ihrem Finanzsystem schwindet, offenbar entschlossen sind, den Friedensprozess zu sabotieren. Dabei nehmen sie offenbar in Kauf, dass dies zu einem atomaren Dritten Weltkrieg f\u00fchren k\u00f6nnte.<\/p>\n\n\n\n<p><em>\u201eWir sitzen also offensichtlich auf einem Pulverfass\u201c<\/em>, sagte Zepp-LaRouche, <em>\u201eund deshalb m\u00fcssen wir uns f\u00fcr eine R\u00fcckkehr zum V\u00f6lkerrecht einsetzen, um eine neue Sicherheits- und Entwicklungsarchitektur zu schaffen, die all diese Sicherheitsbedenken ber\u00fccksichtigt \u2013 die der Ukraine, Russlands, des Iran und Israels. Mit anderen Worten: Man kann Sicherheit nicht teilen; es kann nur eine unteilbare Sicherheit geben, die die Interessen aller ber\u00fccksichtigt, sonst wird sie nicht funktionieren\u2026<\/em><\/p>\n\n\n\n<p><em>Wir brauchen eine Bewegung von Menschen, die Patrioten sind, aber gleichzeitig Weltb\u00fcrger. Nach Ansicht des gro\u00dfen deutschen Freiheitsdichters Friedrich Schiller widersprechen sich Weltb\u00fcrgertum und Patriotismus nicht. Solange man die nationalen Interessen mit den Interessen der Menschheit als Ganzes in \u00dcbereinstimmung bringt, gibt es keinen Widerspruch.<\/em>\u201c<\/p>\n\n\n\n<p>Warten Sie nicht auf den Weltuntergang! Schlie\u00dfen Sie sich dieser Bewegung an. Unterzeichnen, verbreiten und organisieren Sie mit der\u00a0<strong><a href=\"https:\/\/schillerinstitute.com\/de\/blog\/2026\/01\/26\/erklaerung-vom-12-januar-lasst-uns-eine-bewegung-von-weltbuergern-ins-leben-rufen\/\" target=\"_blank\" rel=\"noreferrer noopener\">Erkl\u00e4rung vom 12. Januar: Lasst uns eine Bewegung von Weltb\u00fcrgern ins Leben rufen!<\/a>\u00a0<\/strong>des Schiller-Instituts, die zu sofortigem Handeln aufruft, vor allem zur dringenden Einberufung einer Konferenz f\u00fcr eine neue internationale Sicherheits- und Entwicklungsarchitektur.<\/p>\n<!-- AddThis Advanced Settings generic via filter on the_content --><!-- AddThis Share Buttons generic via filter on the_content -->","protected":false},"excerpt":{"rendered":"<p>NEW START &#8211; Atomwaffenabkommen endetNukleare Ausl\u00f6schung oder eine neue Sicherheits- und Entwicklungsarchitektur? Der New-START-Vertrag \u2013 das letzte noch bestehende Atomwaffenabkommen zwischen den beiden gr\u00f6\u00dften Atomm\u00e4chten der Welt \u2013 ist heute ausgelaufen. Das Angebot des russischen Pr\u00e4sidenten Putin an die Vereinigten Staaten, die Beschr\u00e4nkungen des Vertrags&hellip;<!-- AddThis Advanced Settings generic via filter on get_the_excerpt --><!-- AddThis Share Buttons generic via filter on get_the_excerpt --><\/p>\n","protected":false},"author":33,"featured_media":114498,"comment_status":"open","ping_status":"closed","sticky":false,"template":"","format":"standard","meta":{"_lmt_disableupdate":"","_lmt_disable":"","footnotes":""},"categories":[37],"tags":[],"class_list":["post-114486","post","type-post","status-publish","format-standard","has-post-thumbnail","hentry","category-allgemein-de"],"featured_image_src":"https:\/\/schillerinstitute.com\/wp-content\/uploads\/2026\/02\/IPC-140-Einladung-1.jpg","author_info":{"display_name":"tobi","author_link":"https:\/\/schillerinstitute.com\/de\/blog\/author\/tobi\/"},"modified_by":"tobi","cc_featured_image_caption":{"caption_text":"","source_text":"","source_url":""},"_links":{"self":[{"href":"https:\/\/schillerinstitute.com\/de\/wp-json\/wp\/v2\/posts\/114486","targetHints":{"allow":["GET"]}}],"collection":[{"href":"https:\/\/schillerinstitute.com\/de\/wp-json\/wp\/v2\/posts"}],"about":[{"href":"https:\/\/schillerinstitute.com\/de\/wp-json\/wp\/v2\/types\/post"}],"author":[{"embeddable":true,"href":"https:\/\/schillerinstitute.com\/de\/wp-json\/wp\/v2\/users\/33"}],"replies":[{"embeddable":true,"href":"https:\/\/schillerinstitute.com\/de\/wp-json\/wp\/v2\/comments?post=114486"}],"version-history":[{"count":6,"href":"https:\/\/schillerinstitute.com\/de\/wp-json\/wp\/v2\/posts\/114486\/revisions"}],"predecessor-version":[{"id":114513,"href":"https:\/\/schillerinstitute.com\/de\/wp-json\/wp\/v2\/posts\/114486\/revisions\/114513"}],"wp:featuredmedia":[{"embeddable":true,"href":"https:\/\/schillerinstitute.com\/de\/wp-json\/wp\/v2\/media\/114498"}],"wp:attachment":[{"href":"https:\/\/schillerinstitute.com\/de\/wp-json\/wp\/v2\/media?parent=114486"}],"wp:term":[{"taxonomy":"category","embeddable":true,"href":"https:\/\/schillerinstitute.com\/de\/wp-json\/wp\/v2\/categories?post=114486"},{"taxonomy":"post_tag","embeddable":true,"href":"https:\/\/schillerinstitute.com\/de\/wp-json\/wp\/v2\/tags?post=114486"}],"curies":[{"name":"wp","href":"https:\/\/api.w.org\/{rel}","templated":true}]}}