{"id":114265,"date":"2026-01-22T10:15:52","date_gmt":"2026-01-22T15:15:52","guid":{"rendered":"https:\/\/schillerinstitute.com\/?p=114265"},"modified":"2026-01-22T10:44:23","modified_gmt":"2026-01-22T15:44:23","slug":"internationale-friedenskoalition-138-23-01-2026-17-00-uhr","status":"publish","type":"post","link":"https:\/\/schillerinstitute.com\/de\/blog\/2026\/01\/22\/internationale-friedenskoalition-138-23-01-2026-17-00-uhr\/","title":{"rendered":"Internationale Friedenskoalition #138, 23.01.2026, 17.00 Uhr"},"content":{"rendered":"\n<h2 class=\"wp-block-heading\">Wird das Gesetz des Dschungels siegen?<\/h2>\n\n\n<div class=\"info-box\">\n<h3 class=\"info-box-title\" style=\"\">138. Treffen der Internationalen Friedenskoalition<\/h3>\n<div class=\"info-box-content\" style=\"\">\n<p>Wird das Gesetz des Dschungels siegen?<\/p>\n<p>23. Januar 2026<br \/>\n17.00 Uhr <\/p>\n<p>Bitte mobilisieren Sie Ihre Organisationen.<\/p>\n<p>Nehmen Sie diese Woche an der Internationalen Friedenskoalition mit Dr. Ted Postol, emeritierter Professor am MIT und einer der weltweit f\u00fchrenden Experten f\u00fcr Atomwaffen und weiteren Rednern, deren Namen in K\u00fcrze bekannt gegeben werden, teil.<\/p>\n<p>Bitte senden Sie uns so schnell wie m\u00f6glich Berichte und Initiativen f\u00fcr die Tagesordnung zu.\t<\/p>\n<p><a href=\"https:\/\/schillerinstitute.com\/de\/schliessen-sie-sich-der-internationalen-friedenskoalition-an\/\" class=\"custom-button small\" data-newwindow=\"true\">Zur Anmeldung<\/a>\n<\/p>\n<\/div>\n<\/div>\n\n\n\n<p>Die spektakul\u00e4re Rede von Pr\u00e4sident Donald Trump vor dem Weltwirtschaftsforum in Davos am Mittwoch, dem 21. Januar, zeichnete ein alarmierendes Bild vom Geisteszustand einer US-Pr\u00e4sidentschaft, die von der Ideologie des \u201eBeast-Man\u201c von Joseph de Maistre beherrscht wird \u2013 dem unmenschlichen Glauben, dass Terror und Zwang, das Thrasymachische \u201eMacht schafft Recht\u201c, die menschlichen Angelegenheiten regieren m\u00fcssen. \u201eAls der Angriff beendet war\u201c, sagte Trump \u00fcber den US-\u00dcberfall auf Venezuela, \u201esagten sie: \u201aLasst uns einen Deal machen.\u2018 Mehr Menschen sollten das tun.\u201c<\/p>\n\n\n\n<p>Trump machte in seiner Rede, die teilweise noch beleidigender war als andere, deutlich, dass es f\u00fcr die USA keine Option ist, Gr\u00f6nland nicht zu besitzen. \u201eGr\u00f6nland ist ein riesiges, fast vollst\u00e4ndig unbewohntes und unerschlossenes Gebiet, das ungesch\u00fctzt an einer strategisch wichtigen Stelle zwischen den Vereinigten Staaten, Russland und China liegt \u2026 genau in der Mitte \u2026 Alles, was wir von D\u00e4nemark wollen, ist dieses Land, auf dem wir den gr\u00f6\u00dften Goldenen Dom bauen werden, um unsere sehr energischen und gef\u00e4hrlichen potenziellen Feinde in Schach zu halten und unsere nationale und internationale Sicherheit zu gew\u00e4hrleisten.\u201c<\/p>\n\n\n\n<p>Ein solcher Goldener Dom ist jedoch in den Augen vieler Experten reine Fantasie. Er w\u00fcrde nicht nur Hunderte von Milliarden Dollar kosten. Mit Russlands neuer atomgetriebener Burewestnik-Rakete, die \u00fcber den S\u00fcdpol fliegen kann, gibt es keine Welt, in der der Goldene Dom die amerikanische Vorherrschaft bewahren k\u00f6nnte. Es handelt sich lediglich um eine Illusion der zusammengebrochenen geopolitischen, imperialen Weltordnung.<\/p>\n\n\n\n<p>Als wichtige Stimme der Vernunft aus den Vereinigten Staaten ver\u00f6ffentlichten&nbsp;<a href=\"https:\/\/www.vaticannews.va\/de\/welt\/news\/2026-01\/usa-kardinaele-cupich-mcelroy-tobin-zu-aussen-politik-friede.html?ref=eirna.de\" target=\"_blank\" rel=\"noreferrer noopener\">drei amerikanische katholische Kardin\u00e4le<\/a>&nbsp;am 19. Januar eine gemeinsame Erkl\u00e4rung mit dem Titel \u201eEine moralische Vision der amerikanischen Au\u00dfenpolitik entwerfen\u201c.Darin verweisen sie auf \u201edie tiefgreifendste und hitzigste Debatte \u00fcber die moralische Grundlage f\u00fcr das Handeln Amerikas in der Welt seit dem Ende des Kalten Krieges. Die Ereignisse in Venezuela, der Ukraine und Gr\u00f6nland haben grundlegende Fragen \u00fcber den Einsatz milit\u00e4rischer Gewalt und die Bedeutung des Friedens aufgeworfen.\u201c Unter Berufung auf die Ansprache von Papst Leo XIV. vom 9. Januar vor dem diplomatischen Corps des Vatikans fordern die Kardin\u00e4le \u201eeine wahrhaft moralische Grundlage f\u00fcr internationale Beziehungen\u201c angesichts des \u201eKriegseifers\u201c und der Suche nach Frieden \u201edurch Waffen als Voraussetzung f\u00fcr die Durchsetzung der eigenen Vorherrschaft\u201c.<\/p>\n\n\n\n<p>Der Wahnsinn in Davos wird am 22. Januar mit Trumps Unterzeichnungszeremonie f\u00fcr seinen \u201eFriedensrat\u201c mit einem Beitrag von 1 Milliarde Dollar pro Sitz weitergehen. Nur wenige Staats- und Regierungschefs haben bisher zugestimmt. Li Zixin, Wissenschaftler am China Institute of International Studies, bringt es in seinem Kommentar auf den Punkt: \u201eDieser Akt der \u201aPrivatisierung\u2018 internationaler Angelegenheiten und der \u201aKommodifizierung\u2018 des regionalen Friedens missachtet nicht nur den Willen des pal\u00e4stinensischen Volkes, sondern stellt auch eine enorme Herausforderung f\u00fcr das bestehende internationale Regierungssystem und die Verhaltensnormen dar. Dieses Modell der \u201aClub-Governance\u2018 reduziert das V\u00f6lkerrecht auf einen privaten Vertrag zwischen Gro\u00dfm\u00e4chten und zwingt die Welt zur\u00fcck in das Gesetz des Dschungels.\u201c<\/p>\n\n\n\n<p>Aber was kann man angesichts einer solch offensichtlichen Gesetzlosigkeit tun?<\/p>\n\n\n\n<p>\u201eIch stimme Leibniz grunds\u00e4tzlich zu, der der Meinung war, dass jedes \u00dcbel ein noch besseres und st\u00e4rkeres Gutes hervorbringt\u201c, sagte Helga Zepp-LaRouche in ihrer internationalen Webcast-Sendung vom 21. Januar. \u201eDenn die Gesetze des Universums funktionieren genau so. Das ist ein anti-entropisches Konzept. Auch wenn mir manchmal wirklich ein Schauer \u00fcber den R\u00fccken l\u00e4uft angesichts dessen, was geschieht, verliere ich deshalb fast nie die Vorstellung, dass man etwas dagegen tun kann, dass es f\u00fcr jedes Problem immer einen Ausweg gibt, wenn man sich darauf konzentriert und wenn man gute Kameraden, Kollegen, Freunde und Mitarbeiter findet, die zusammenarbeiten \u2026\u201c<\/p>\n\n\n\n<p>Werden Sie einer dieser Kollegen, Freunde und Mitarbeiter, beginnend mit der&nbsp;<a href=\"https:\/\/schillerinstitute.com\/de\/blog\/2023\/07\/23\/die-internationale-friedenskoalition\/\" target=\"_blank\" rel=\"noreferrer noopener\">138. Sitzung der Internationalen Friedenskoalition<\/a>&nbsp;am 23. Januar. Schlie\u00dfen Sie sich denen an, die das immer gr\u00f6\u00dfer werdende \u00dcbel, das derzeit die Weltpolitik beherrscht, durch eine neue internationale Sicherheits- und Entwicklungsarchitektur ersetzen wollen.<\/p>\n<!-- AddThis Advanced Settings generic via filter on the_content --><!-- AddThis Share Buttons generic via filter on the_content -->","protected":false},"excerpt":{"rendered":"<p>Wird das Gesetz des Dschungels siegen? Die spektakul\u00e4re Rede von Pr\u00e4sident Donald Trump vor dem Weltwirtschaftsforum in Davos am Mittwoch, dem 21. Januar, zeichnete ein alarmierendes Bild vom Geisteszustand einer US-Pr\u00e4sidentschaft, die von der Ideologie des \u201eBeast-Man\u201c von Joseph de Maistre beherrscht wird \u2013 dem&hellip;<!-- AddThis Advanced Settings generic via filter on get_the_excerpt --><!-- AddThis Share Buttons generic via filter on get_the_excerpt --><\/p>\n","protected":false},"author":33,"featured_media":114266,"comment_status":"open","ping_status":"closed","sticky":false,"template":"","format":"standard","meta":{"_lmt_disableupdate":"","_lmt_disable":"","footnotes":""},"categories":[37],"tags":[],"class_list":["post-114265","post","type-post","status-publish","format-standard","has-post-thumbnail","hentry","category-allgemein-de"],"featured_image_src":"https:\/\/schillerinstitute.com\/wp-content\/uploads\/2026\/01\/IPC-138-German.jpg","author_info":{"display_name":"tobi","author_link":"https:\/\/schillerinstitute.com\/de\/blog\/author\/tobi\/"},"modified_by":"tobi","cc_featured_image_caption":{"caption_text":"","source_text":"","source_url":""},"_links":{"self":[{"href":"https:\/\/schillerinstitute.com\/de\/wp-json\/wp\/v2\/posts\/114265","targetHints":{"allow":["GET"]}}],"collection":[{"href":"https:\/\/schillerinstitute.com\/de\/wp-json\/wp\/v2\/posts"}],"about":[{"href":"https:\/\/schillerinstitute.com\/de\/wp-json\/wp\/v2\/types\/post"}],"author":[{"embeddable":true,"href":"https:\/\/schillerinstitute.com\/de\/wp-json\/wp\/v2\/users\/33"}],"replies":[{"embeddable":true,"href":"https:\/\/schillerinstitute.com\/de\/wp-json\/wp\/v2\/comments?post=114265"}],"version-history":[{"count":5,"href":"https:\/\/schillerinstitute.com\/de\/wp-json\/wp\/v2\/posts\/114265\/revisions"}],"predecessor-version":[{"id":114280,"href":"https:\/\/schillerinstitute.com\/de\/wp-json\/wp\/v2\/posts\/114265\/revisions\/114280"}],"wp:featuredmedia":[{"embeddable":true,"href":"https:\/\/schillerinstitute.com\/de\/wp-json\/wp\/v2\/media\/114266"}],"wp:attachment":[{"href":"https:\/\/schillerinstitute.com\/de\/wp-json\/wp\/v2\/media?parent=114265"}],"wp:term":[{"taxonomy":"category","embeddable":true,"href":"https:\/\/schillerinstitute.com\/de\/wp-json\/wp\/v2\/categories?post=114265"},{"taxonomy":"post_tag","embeddable":true,"href":"https:\/\/schillerinstitute.com\/de\/wp-json\/wp\/v2\/tags?post=114265"}],"curies":[{"name":"wp","href":"https:\/\/api.w.org\/{rel}","templated":true}]}}