{"id":114235,"date":"2026-01-20T14:23:27","date_gmt":"2026-01-20T19:23:27","guid":{"rendered":"https:\/\/schillerinstitute.com\/?p=114235"},"modified":"2026-01-20T15:06:27","modified_gmt":"2026-01-20T20:06:27","slug":"live-mit-helga-zepp-larouche-wie-der-davos-gipfel-die-imperiale-geopolitik-verstaerkt-21-01-2026-18-30-uhr","status":"publish","type":"post","link":"https:\/\/schillerinstitute.com\/de\/blog\/2026\/01\/20\/live-mit-helga-zepp-larouche-wie-der-davos-gipfel-die-imperiale-geopolitik-verstaerkt-21-01-2026-18-30-uhr\/","title":{"rendered":"Live mit Helga Zepp-LaRouche: Wie der Davos-Gipfel die imperiale Geopolitik verst\u00e4rkt, 21.01.2026, 18.30 Uhr"},"content":{"rendered":"\n<p class=\"has-text-align-center\"><em>Schlie\u00dfen Sie sich&nbsp;Helga&nbsp;Zepp-LaRouche&nbsp;in ihrem Live-Dialog an und diskutieren Sie die Themen und L\u00f6sungen, die die Welt und die Menschen bewegen. Senden Sie Ihre Fragen, Kommentare und Berichte an&nbsp;<\/em><a href=\"mailto:fragen@bueso.de\" target=\"_blank\" rel=\"noreferrer noopener\"><em>fragen@bueso.de<\/em><\/a><em>&nbsp;oder stellen Sie diese im n\u00e4chsten Live-Stream.<\/em><\/p>\n\n\n\n<p class=\"has-text-align-center\"><em><strong>Bitte verbreiten Sie die Einladung in Ihrem Freundes,- Bekannten- und Kollegenkreis, um die Reichweite der von der&nbsp;LaRouche-Bewegung vorgestellten L\u00f6sungsans\u00e4tze zu erh\u00f6hen.&nbsp;<\/strong><\/em><strong>&nbsp;<\/strong><\/p>\n\n\n\n<figure class=\"wp-block-embed is-type-video is-provider-youtube wp-block-embed-youtube wp-embed-aspect-16-9 wp-has-aspect-ratio\"><div class=\"wp-block-embed__wrapper\">\n<iframe loading=\"lazy\" title=\"Wie der Davos-Gipfel die imperiale Geopolitik verst\u00e4rkt\" width=\"960\" height=\"540\" src=\"https:\/\/www.youtube.com\/embed\/InagOkFA2fE?feature=oembed\" frameborder=\"0\" allow=\"accelerometer; autoplay; clipboard-write; encrypted-media; gyroscope; picture-in-picture; web-share\" referrerpolicy=\"strict-origin-when-cross-origin\" allowfullscreen><\/iframe>\n<\/div><\/figure>\n\n\n\n<p>Die selbstbezogenen Neureichen, die jedes Jahr in Davos der Realit\u00e4t entfliehen, m\u00f6chten Ihnen weismachen, dass es dort einen echten, freien Gedankenaustausch gibt. In Wirklichkeit handelt es sich jedoch um eine \u00dcbung in Kontrolle, bei der falsche Alternativen pr\u00e4sentiert werden, die sich innerhalb der Grenzen der imperialen Geopolitik der City of London befinden.&nbsp; Wird Donald Trump das \u00e4ndern? Mal sehen, ob er Londons Kontrolle \u00fcber die Weltwirtschaft durch sogenannte \u201eFinanzialisierung\u201d anprangern und die Zusammenarbeit mit den BRICS-Staaten auf der Grundlage der von Lyndon LaRouche vorgebrachten Ideen des amerikanischen Systems begr\u00fc\u00dfen wird.<\/p>\n\n\n\n<p>Die gr\u00f6\u00dfte Gefahr, der die Vereinigten Staaten und ein Gro\u00dfteil der transatlantischen Welt heute gegen\u00fcberstehen, besteht nicht darin, dass es ihnen an Ressourcen, Talenten oder wissenschaftlichen F\u00e4higkeiten mangelt. Sie besteht vielmehr darin, dass sie nicht mehr an den menschlichen Verstand glauben \u2013 an die einzigartige F\u00e4higkeit des Menschen, neue physikalische Prinzipien zu entdecken, die Natur zu ver\u00e4ndern und die Lebensbedingungen f\u00fcr noch ungeborene Generationen zu verbessern.<\/p>\n\n\n\n<p>Lyndon LaRouche hat das Problem einmal unverbl\u00fcmt auf den Punkt gebracht: Glauben die Amerikaner wirklich noch daran, dass sich der Mensch vom Tier unterscheidet? Er stellte diese Frage 2004 bei einer <a href=\"https:\/\/eir.news\/2026\/01\/larouche-in-talladega-the-immortal-talent-of-martin-luther-king\/\" data-type=\"link\" data-id=\"https:\/\/eir.news\/2026\/01\/larouche-in-talladega-the-immortal-talent-of-martin-luther-king\/\" target=\"_blank\" rel=\"noreferrer noopener\">Veranstaltung zu Ehren von Martin Luther King Jr<\/a>.<\/p>\n\n\n\n<blockquote class=\"wp-block-quote is-layout-flow wp-block-quote-is-layout-flow\">\n<p>\u201eIn unsere Schulen vermitteln wir das nicht. Schauen Sie sich unseren Standardlehrplan an\u2026 Unsere derzeitige Bildungspolitik auf nationaler Ebene ist ein Verbrechen. Man wei\u00df nichts \u2013 man lernt nur, um eine Pr\u00fcfung zu bestehen! \u2026<br><\/p>\n\n\n\n<p>Wir k\u00fcmmern uns nicht mehr darum. Wir glauben als Nation nicht mehr daran, Menschen zu f\u00f6rdern! Wir sind wie Rom geworden, das alte Rom, eine Gesellschaft des \u201eBrot und Spiele\u201c. Holt euch eure Kr\u00fcmel und lasst euch unterhalten\u2026<br><\/p>\n\n\n\n<p>Arbeiten die Menschen heute zum Beispiel? Haben sie eine Arbeitsmentalit\u00e4t? Glauben sie an Arbeit? Glauben sie, dass die Gesellschaft ihnen die M\u00f6glichkeit gibt, zu arbeiten? Nein. Das tut sie nicht. Sie gibt ihnen die M\u00f6glichkeit, etwas Geld zu verdienen\u2026<br><\/p>\n\n\n\n<p>Die Mentalit\u00e4t des Landes ist, dass man vorankommt, wenn man Gl\u00fcck hat, im Lotto gewinnt und auf der Rennbahn gewinnt. Auch wenn Ihre Branche zusammenbricht, Ihre Farm verloren ist und die Stadtverwaltung es sich nicht mehr leisten kann, f\u00fcr Ihre Grundbed\u00fcrfnisse zu sorgen: Wir sind zu einer Gl\u00fccksspiel-Gesellschaft geworden.<br><\/p>\n\n\n\n<p>Worauf verlassen wir uns? Massenunterhaltung! \u2026 Ist das nicht etwas, wof\u00fcr man sich wirklich sch\u00e4men sollte?<br><\/p>\n\n\n\n<p>Wir betrachten Menschen nicht mehr als Menschen. Wir verstehen nicht mehr, was menschlich ist.\u201c<br><\/p>\n\n\n\n<p>Dem zivilisatorischen Verfall steht die Sichtweise der menschlichen Identit\u00e4t gegen\u00fcber, die in der heutigen Meldung aus China zum Ausdruck kommt: Das Streben nach kontrollierter Kernfusion n\u00e4hert sich einer entscheidenden Phase, mit laufenden Gro\u00dfauftr\u00e4gen und seri\u00f6sen Branchenf\u00fchrern, die nun einen Nettogewinn aus der Fusion und die Stromerzeugung bis etwa 2030 prognostizieren. Die Fusion, so betonen sie, sei nicht mehr nur ein physikalisches Experiment \u2013 sie werde zu einem Ingenieurprojekt mit industrieller Planung, realen Investitions-Horizonten und der Absicht, sie wirtschaftlich rentabel zu machen.<\/p>\n\n\n\n<p>So sieht eine Gesellschaft aus, die sich an der Zukunft orientiert. Nicht an der Zukunft von Quartalsgewinnen, Social-Media-Hysterie oder geopolitischen Schauspielen \u2013 sondern an der Zukunft der menschlichen Zivilisation selbst. Eine Nation, die sich der Fusion verschrieben hat, ist eine Nation, die sich der Idee verschrieben hat, dass Fortschritt real ist, dass Entwicklung m\u00f6glich ist und dass die W\u00fcrde der Arbeit und der Entdeckung kein Slogan, sondern eine Mission ist.<\/p>\n\n\n\n<p>Werden die Vereinigten Staaten und andere NATO-Staaten den moralischen und intellektuellen Mut zur\u00fcckgewinnen, solche Missionen zu \u00fcbernehmen? Um eine Welt aufzubauen, die nicht von Imperium und Manipulation gepr\u00e4gt ist, sondern von Zusammenarbeit in gro\u00dfen Projekten, die der Menschheit w\u00fcrdig sind?<\/p>\n\n\n\n<p>Was wir aus dem Wei\u00dfen Haus sehen, ist keine F\u00fchrungsst\u00e4rke. Es ist K\u00f6nig Lear: ein ausgeh\u00f6hlter autorit\u00e4rer Mensch, der Loyalit\u00e4t verlangt, w\u00e4hrend das K\u00f6nigreich zerf\u00e4llt, umgeben von Schmeichlern, anf\u00e4llig f\u00fcr Wutanf\u00e4lle und Fehleinsch\u00e4tzungen und der Spektakel mit Legitimit\u00e4t verwechselt.<\/p>\n\n\n\n<p>Martin Luther King war das Gegenteil davon: kein Darsteller, der nach Applaus jagte, sondern ein Diener einer Mission, verwurzelt in den vergessenen M\u00e4nnern und Frauen, der Macht daran ma\u00df, die Geringsten zu erheben, und der sich absolut weigerte, sich mit \u201emitmachen, um mitzukommen\u201c aus der Aff\u00e4re zu ziehen. Wie LaRouche es ausdr\u00fcckte: \u201eAls F\u00fchrungskraft \u2026 muss man in sich selbst die Kraft finden, nicht zur\u00fcckzuschrecken. Keine Kompromisse einzugehen.\u201c<\/p>\n<\/blockquote>\n\n\n\n<p>Wir brauchen den moralischen Mut, zu erkennen, dass das Leben ein Talent ist und dass die einzige Autorit\u00e4t, die es wert ist, ausge\u00fcbt zu werden, die ist, die mit der Verbesserung des Lebens anderer einhergeht.<\/p>\n\n\n\n<p>Diese Autorit\u00e4t wird in dem&nbsp;<a href=\"https:\/\/eirna.de\/video-der-hohepunkte-des-eir-dringlichkeitsforums-vom-12-januar-sollte-in-den-sozialen-medien-verbreitet-werden\/\" data-type=\"link\" data-id=\"https:\/\/eirna.de\/video-der-hohepunkte-des-eir-dringlichkeitsforums-vom-12-januar-sollte-in-den-sozialen-medien-verbreitet-werden\/\" target=\"_blank\" rel=\"noreferrer noopener\">Video<\/a>&nbsp;demonstriert, das EIR von seinem Dringlichkeitsforum am 12. Januar ver\u00f6ffentlicht hat. Diese Autorit\u00e4t wird in der Wahlkampagne der unabh\u00e4ngigen Kandidatin Diane Sare demonstriert, die f\u00fcr das Amt des Pr\u00e4sidenten der Vereinigten Staaten kandidiert.<\/p>\n\n\n\n<p>Werden wir uns daf\u00fcr entscheiden, wirklich menschlich zu werden?<\/p>\n<!-- AddThis Advanced Settings generic via filter on the_content --><!-- AddThis Share Buttons generic via filter on the_content -->","protected":false},"excerpt":{"rendered":"<p>Schlie\u00dfen Sie sich&nbsp;Helga&nbsp;Zepp-LaRouche&nbsp;in ihrem Live-Dialog an und diskutieren Sie die Themen und L\u00f6sungen, die die Welt und die Menschen bewegen. Senden Sie Ihre Fragen, Kommentare und Berichte an&nbsp;fragen@bueso.de&nbsp;oder stellen Sie diese im n\u00e4chsten Live-Stream. Bitte verbreiten Sie die Einladung in Ihrem Freundes,- Bekannten- und Kollegenkreis,&hellip;<!-- AddThis Advanced Settings generic via filter on get_the_excerpt --><!-- AddThis Share Buttons generic via filter on get_the_excerpt --><\/p>\n","protected":false},"author":33,"featured_media":114237,"comment_status":"open","ping_status":"closed","sticky":false,"template":"","format":"standard","meta":{"_lmt_disableupdate":"","_lmt_disable":"","footnotes":""},"categories":[37,471,462],"tags":[],"class_list":["post-114235","post","type-post","status-publish","format-standard","has-post-thumbnail","hentry","category-allgemein-de","category-webcast-de","category-webcast-mit-helga-zepp-larouche"],"featured_image_src":"https:\/\/schillerinstitute.com\/wp-content\/uploads\/2026\/01\/Webcast-21-Januar.jpg","author_info":{"display_name":"tobi","author_link":"https:\/\/schillerinstitute.com\/de\/blog\/author\/tobi\/"},"modified_by":"tobi","cc_featured_image_caption":{"caption_text":"","source_text":"","source_url":""},"_links":{"self":[{"href":"https:\/\/schillerinstitute.com\/de\/wp-json\/wp\/v2\/posts\/114235","targetHints":{"allow":["GET"]}}],"collection":[{"href":"https:\/\/schillerinstitute.com\/de\/wp-json\/wp\/v2\/posts"}],"about":[{"href":"https:\/\/schillerinstitute.com\/de\/wp-json\/wp\/v2\/types\/post"}],"author":[{"embeddable":true,"href":"https:\/\/schillerinstitute.com\/de\/wp-json\/wp\/v2\/users\/33"}],"replies":[{"embeddable":true,"href":"https:\/\/schillerinstitute.com\/de\/wp-json\/wp\/v2\/comments?post=114235"}],"version-history":[{"count":3,"href":"https:\/\/schillerinstitute.com\/de\/wp-json\/wp\/v2\/posts\/114235\/revisions"}],"predecessor-version":[{"id":114249,"href":"https:\/\/schillerinstitute.com\/de\/wp-json\/wp\/v2\/posts\/114235\/revisions\/114249"}],"wp:featuredmedia":[{"embeddable":true,"href":"https:\/\/schillerinstitute.com\/de\/wp-json\/wp\/v2\/media\/114237"}],"wp:attachment":[{"href":"https:\/\/schillerinstitute.com\/de\/wp-json\/wp\/v2\/media?parent=114235"}],"wp:term":[{"taxonomy":"category","embeddable":true,"href":"https:\/\/schillerinstitute.com\/de\/wp-json\/wp\/v2\/categories?post=114235"},{"taxonomy":"post_tag","embeddable":true,"href":"https:\/\/schillerinstitute.com\/de\/wp-json\/wp\/v2\/tags?post=114235"}],"curies":[{"name":"wp","href":"https:\/\/api.w.org\/{rel}","templated":true}]}}