{"id":111604,"date":"2025-08-15T08:58:35","date_gmt":"2025-08-15T12:58:35","guid":{"rendered":"https:\/\/schillerinstitute.com\/?p=111604"},"modified":"2025-08-15T08:58:38","modified_gmt":"2025-08-15T12:58:38","slug":"ein-musikalischer-dialog-klassischer-kulturen","status":"publish","type":"post","link":"https:\/\/schillerinstitute.com\/de\/blog\/2025\/08\/15\/ein-musikalischer-dialog-klassischer-kulturen\/","title":{"rendered":"Ein musikalischer Dialog klassischer Kulturen"},"content":{"rendered":"\n<p><a href=\"https:\/\/www.youtube.com\/@schiller-institutev1205\"><\/a>Ein H\u00f6hepunkt der Berliner Konferenz war das Konzert am Abend des 12. Juli \u201eDie Sch\u00f6nheit der kulturellen Vielfalt\u201c mit professionellen Musikern sowie Mitgliedern und Freunden des Schiller-Instituts aus vielen L\u00e4ndern im Alter von 25 bis 90 Jahren. Das einst\u00fcndige Konzert begann und endete mit dem vereinten europ\u00e4ischen Chor des Schiller-Instituts. Das Programm schlug einen Bogen von einem Satz aus Haydns\u00a0<em>Sch\u00f6pfung<\/em>\u00a0mit sch\u00f6nen Harmonien zu den Worten \u201eUnd eine neue Welt entspringt auf Gottes Wort\u201c bis zum Abschluss mit zwei Freiheitsliedern, dem Spiritual\u00a0<em>Oh, Freedom<\/em>\u00a0und dem ber\u00fchmten Volkslied\u00a0<em>Die Gedanken sind frei<\/em>.<br><\/p>\n\n\n\n<figure class=\"wp-block-embed is-type-video is-provider-youtube wp-block-embed-youtube wp-embed-aspect-16-9 wp-has-aspect-ratio\"><div class=\"wp-block-embed__wrapper\">\n<iframe loading=\"lazy\" title=\"Ein musikalischer Dialog klassischer Kulturen\" width=\"960\" height=\"540\" src=\"https:\/\/www.youtube.com\/embed\/vKWFZnT31EQ?feature=oembed\" frameborder=\"0\" allow=\"accelerometer; autoplay; clipboard-write; encrypted-media; gyroscope; picture-in-picture; web-share\" referrerpolicy=\"strict-origin-when-cross-origin\" allowfullscreen><\/iframe>\n<\/div><\/figure>\n\n\n\n<p><strong>Programm des Konzerts \u201eDie Sch\u00f6nheit der kulturellen Vielfalt\u201c<\/strong><\/p>\n\n\n\n<p>Joseph Haydn \u2013 Aus&nbsp;<em>Die Sch\u00f6pfung<\/em>:<br>\u201eNun schwanden vor dem heiligen Strahle<br>\u2026 Und eine neue Welt entspringt auf Gottes Wort\u201c<br><em>Chor des Schiller-Instituts, dirigiert von Werner Hartmann;<br>John Sigerson, Tenor, Martin Kaptein, Klavier<\/em><\/p>\n\n\n\n<p>Lola A. Gjoka \u2013&nbsp;<em>Eja Vashe<\/em>&nbsp;(\u201eKomm, M\u00e4dchen\u201c), albanisches Lied<br><em>Die Brokatlaute<\/em>, chinesisches Lied<br><em>Kanding Love Song<\/em>, chinesisches Duett<br><em>Feride Gillesberg, Sopran, Fan Xu, Bariton, Martin Kaptein, Klavier<\/em><\/p>\n\n\n\n<p>Robert Schumann \u2013 Aus den Heine-Liedern, Op. 24:<br><em>Es treibt mich hin, es treibt mich her<\/em><br><em>Sch\u00f6ne Wiege meiner Leiden<\/em><br><em>Anfangs wollt\u2019 ich fast verzagen<\/em><br><em>Mit Myrten und Rosen<\/em><br><em>John Sigerson, Tenor, Martin Kaptein, Klavier<\/em><\/p>\n\n\n\n<p>Alexander Siloti \u2013&nbsp;<em>Pr\u00e4ludium in h-Moll nach J. S. Bach<\/em><br>Sergei Rachmaninoff \u2013&nbsp;<em>Pr\u00e4ludium in G-Dur, Op. 32,5<\/em><br><em>Martin Kaptein, Klavier<\/em><\/p>\n\n\n\n<p>Franz Schubert \u2013&nbsp;<em>Die G\u00f6tter Griechenlands<\/em><br>Peter I. Tschaikowski \u2013&nbsp;<em>Adieux Forets<\/em><br>(\u201eLebt wohl, ihr Berge\u201c), Arie der Johanna<br>Giuseppe Verdi \u2013&nbsp;<em>Ave Maria<\/em>&nbsp;aus \u201eOthello\u201c<br><em>Leena Malkki, Sopran, Werner Hartmann, Klavier<\/em><\/p>\n\n\n\n<p><em>Oh Freedom<\/em>, Negro Spiritual<br><em>Die Gedanken sind frei<\/em>, deutsches Volkslied<br><em>Chor des Schiller-Instituts, dirigiert von Johanna Clerc<\/em><\/p>\n<!-- AddThis Advanced Settings generic via filter on the_content --><!-- AddThis Share Buttons generic via filter on the_content -->","protected":false},"excerpt":{"rendered":"<p>Ein H\u00f6hepunkt der Berliner Konferenz war das Konzert am Abend des 12. Juli \u201eDie Sch\u00f6nheit der kulturellen Vielfalt\u201c mit professionellen Musikern sowie Mitgliedern und Freunden des Schiller-Instituts aus vielen L\u00e4ndern im Alter von 25 bis 90 Jahren. Das einst\u00fcndige Konzert begann und endete mit dem&hellip;<!-- AddThis Advanced Settings generic via filter on get_the_excerpt --><!-- AddThis Share Buttons generic via filter on get_the_excerpt --><\/p>\n","protected":false},"author":33,"featured_media":111605,"comment_status":"open","ping_status":"closed","sticky":false,"template":"","format":"standard","meta":{"_lmt_disableupdate":"","_lmt_disable":"","footnotes":""},"categories":[37],"tags":[],"class_list":["post-111604","post","type-post","status-publish","format-standard","has-post-thumbnail","hentry","category-allgemein-de"],"featured_image_src":"https:\/\/schillerinstitute.com\/wp-content\/uploads\/2025\/08\/Ein-musikalischer-Dialog-klassischer-Kulturen.jpg","author_info":{"display_name":"tobi","author_link":"https:\/\/schillerinstitute.com\/de\/blog\/author\/tobi\/"},"modified_by":"tobi","cc_featured_image_caption":{"caption_text":"","source_text":"","source_url":""},"_links":{"self":[{"href":"https:\/\/schillerinstitute.com\/de\/wp-json\/wp\/v2\/posts\/111604","targetHints":{"allow":["GET"]}}],"collection":[{"href":"https:\/\/schillerinstitute.com\/de\/wp-json\/wp\/v2\/posts"}],"about":[{"href":"https:\/\/schillerinstitute.com\/de\/wp-json\/wp\/v2\/types\/post"}],"author":[{"embeddable":true,"href":"https:\/\/schillerinstitute.com\/de\/wp-json\/wp\/v2\/users\/33"}],"replies":[{"embeddable":true,"href":"https:\/\/schillerinstitute.com\/de\/wp-json\/wp\/v2\/comments?post=111604"}],"version-history":[{"count":1,"href":"https:\/\/schillerinstitute.com\/de\/wp-json\/wp\/v2\/posts\/111604\/revisions"}],"predecessor-version":[{"id":111615,"href":"https:\/\/schillerinstitute.com\/de\/wp-json\/wp\/v2\/posts\/111604\/revisions\/111615"}],"wp:featuredmedia":[{"embeddable":true,"href":"https:\/\/schillerinstitute.com\/de\/wp-json\/wp\/v2\/media\/111605"}],"wp:attachment":[{"href":"https:\/\/schillerinstitute.com\/de\/wp-json\/wp\/v2\/media?parent=111604"}],"wp:term":[{"taxonomy":"category","embeddable":true,"href":"https:\/\/schillerinstitute.com\/de\/wp-json\/wp\/v2\/categories?post=111604"},{"taxonomy":"post_tag","embeddable":true,"href":"https:\/\/schillerinstitute.com\/de\/wp-json\/wp\/v2\/tags?post=111604"}],"curies":[{"name":"wp","href":"https:\/\/api.w.org\/{rel}","templated":true}]}}