{"id":111133,"date":"2025-07-24T11:09:09","date_gmt":"2025-07-24T15:09:09","guid":{"rendered":"https:\/\/schillerinstitute.com\/?p=111133"},"modified":"2025-07-24T11:09:11","modified_gmt":"2025-07-24T15:09:11","slug":"internationale-friedenskoalition-112-25-7-25-17-00-uhr-mez","status":"publish","type":"post","link":"https:\/\/schillerinstitute.com\/de\/blog\/2025\/07\/24\/internationale-friedenskoalition-112-25-7-25-17-00-uhr-mez\/","title":{"rendered":"Internationale Friedenskoalition #112, 25.7.25, 17.00 Uhr (MEZ)"},"content":{"rendered":"\n<h2 class=\"wp-block-heading\">Ein Oasenplan f\u00fcr Pal\u00e4stina und Israel: Frieden durch gegenseitige Entwicklung!<br><\/h2>\n\n\n<div class=\"info-box\">\n<h3 class=\"info-box-title\" style=\"\">112. Treffen der Internationalen Friedenskoalition<\/h3>\n<div class=\"info-box-content\" style=\"\">\n<p>Ein Oasenplan f\u00fcr Pal\u00e4stina und Israel: Frieden durch gegenseitige Entwicklung!<\/p>\n<p>25. Juli 2025<br \/>\n17.00 Uhr <\/p>\n<p>Wir ermutigen alle Mitglieder der Menschheit, die sich wahren Frieden w\u00fcnschen, an diesem Freitag um 17 Uhr MEZ mit Dr. Mubarak Awad, Mitbegr\u00fcnder von Non-violence International und Berichten von Organisatoren aus aller Welt teilzunehmen. Schicken Sie Berichte und Initiativen f\u00fcr die Tagesordnung so schnell wie m\u00f6glich.<\/p>\n<p><a href=\"https:\/\/schillerinstitute.com\/de\/schliessen-sie-sich-der-internationalen-friedenskoalition-an\/\" class=\"custom-button small\" data-newwindow=\"true\">Zur Anmeldung<\/a>\n<\/p>\n<\/div>\n<\/div>\n\n\n\n<p>Liebe Friedensfreunde,<\/p>\n\n\n\n<p>Eine berechtigte Erg\u00e4nzung des US-Strafrechts erfolgte in den 1960er Jahren, als \u201everwerfliche Gleichg\u00fcltigkeit\u201c als neue Kategorie f\u00fcr strafrechtliche Schuld hinzugef\u00fcgt wurde, die vor allem bei der Verfolgung von F\u00e4llen individueller T\u00f6tungsdelikte Anwendung findet. Heute erleben wir \u201everwerfliche Toleranz\u201c in gro\u00dfem Stil seitens Regierungsvertretern und Bev\u00f6lkerungen in den USA, Gro\u00dfbritannien, Europa und anderswo gegen\u00fcber dem V\u00f6lkermord in Gaza, der vom Netanjahu-Regime ver\u00fcbt wird. Angesichts der Berichte in den Medien, von \u00c4rzten und vielen anderen \u00fcber Szenen des Leidens und des Todes gibt es keine Entschuldigung daf\u00fcr, das Geschehen in Gaza zu tolerieren. \u00dcber 2 Millionen Menschen werden gerade ausgerottet.<\/p>\n\n\n\n<p>In dieser Hinsicht haben sich in den letzten Stunden zwei Verschiebungen in der Reaktion der Weltgemeinschaft vollzogen. Ein hochrangiger Vertreter des Vatikans hat sich scharf ge\u00e4u\u00dfert und das Vorgehen Israels gegen\u00fcber den Pal\u00e4stinensern in Gaza mit dem Vorgehen der Nazis gegen\u00fcber den Juden verglichen.<\/p>\n\n\n\n<p>Zweitens wurde heute in Paris eine neue Erkl\u00e4rung des Schiller-Instituts Frankreich ver\u00f6ffentlicht, die rasch und weit verbreitet werden soll. Die Erkl\u00e4rung mit dem Titel \u201eOasenplan f\u00fcr Pal\u00e4stina und Israel; Frieden durch gegenseitige Entwicklung!\u201c ist dieser Mitteilung beigef\u00fcgt. Diese Initiative des Schiller-Instituts leistet einen Beitrag zu dem, was getan werden muss, da der Countdown f\u00fcr das UN-Sonderforum in New York City in einer Woche unter dem Titel \u201eZur Zwei-Staaten-L\u00f6sung f\u00fcr Pal\u00e4stina und Israel\u201c l\u00e4uft. Das Treffen findet vom 28. bis 29. Juli statt und wird gemeinsam von Frankreich und Saudi-Arabien ausgerichtet. Die Internationale Friedenskoalition am Freitag, dem 25. Juli \u2013 die 112. in Folge \u2013 ist entscheidend f\u00fcr die weltweite Mobilisierung.<\/p>\n\n\n\n<p>Kardinal Augusto Paolo Lojudice, Richter am Obersten Gerichtshof des Vatikans und f\u00fcnf Jahre lang Kollege von Papst Leo XIV. in der Kurie, gab heute in der Zeitung La Stampa ein scharfes Interview. Lojudice wies darauf hin, dass einige Menschen durch die Verwendung des Begriffs \u201eV\u00f6lkermord\u201c durch Papst Franziskus schockiert waren, sagte aber: \u201eAber in Gaza sind wir jenseits des Wahnsinns. Das ungez\u00fcgelteste und unlogischste \u00dcbel ist am Werk. Die Ermordung von Kindern, die f\u00fcr eine Handvoll Reis anstehen, schreit nach Gerechtigkeit zu Gott\u2026 Angesichts der aktuellen Eskalation der Gr\u00e4ueltaten sagt niemand mehr, dass es richtig ist, dass Israel sich verteidigt. Das Massaker an Unschuldigen schreit nach Rache zum Himmel. Wir k\u00f6nnen nicht l\u00e4nger z\u00f6gern, dies anzuprangern.\u201c<\/p>\n\n\n\n<p>In diesem Zusammenhang gab sich das Wei\u00dfe Haus heute besorgt, als die Mediensprecherin Karoline Leavitt erkl\u00e4rte, der Pr\u00e4sident \u201ewolle, dass das T\u00f6ten aufh\u00f6rt\u201c. Sie sagte, die K\u00e4mpfe seien \u201eziemlich brutal\u201c geworden. Sogar einige der extremsten amerikanischen Unterst\u00fctzer Netanjahus, wie der US-Botschafter in Israel, Mike Huckabee, \u00e4u\u00dferten sich ebenfalls best\u00fcrzt. Netanjahu \u00e4u\u00dferte nach einem Anruf von Trump einige Worte der Besorgnis, sp\u00f6ttischerweise nur auf Englisch, nicht auf Hebr\u00e4isch, die in Israel kaum ver\u00f6ffentlicht wurden. Diese Worte sind eine Farce.<\/p>\n\n\n\n<p>Alle Bem\u00fchungen der Internationalen Friedenskoalition sind derzeit von entscheidender Bedeutung, um ihre Reichweite, Zusammenarbeit und Wirkung zu vergr\u00f6\u00dfern und der Welt den notwendigen Oasenplan-Ansatz vorzustellen. In der heutigen Erkl\u00e4rung hei\u00dft es zu der bevorstehenden UN-Konferenz am 28. und 29. Juli in New York:<\/p>\n\n\n\n<p>\u201eDiese Konferenz soll den Rahmen f\u00fcr den Frieden zwischen Pal\u00e4stinensern und Israelis schaffen und diesmal zu konkreten Initiativen f\u00fchren, die im Einklang mit den humanistischen Prinzipien der abrahamitischen Traditionen (Islam, Judentum und Christentum), dem V\u00f6lkerrecht und der Charta der Vereinten Nationen stehen\u2026<\/p>\n\n\n\n<p>In diesem Zusammenhang ist die Anerkennung und Gr\u00fcndung eines pal\u00e4stinensischen Staates eine absolute Notwendigkeit. Ihm die Souver\u00e4nit\u00e4t \u00fcber seine Wasser- und Energieressourcen zu gew\u00e4hren, damit er sich entwickeln kann, wird eine der unverzichtbaren Grundlagen sein, um vom Ideal zur Realit\u00e4t zu gelangen. Das ist unser Vorschlag f\u00fcr einen \u201eOasenplan\u201c zur gegenseitig vorteilhaften Entwicklung.<\/p>\n\n\n\n<p>Diese Perspektive muss zum Wohle aller Beteiligten in S\u00fcdwestasien angenommen werden, die die Modalit\u00e4ten und Mittel f\u00fcr ihre Umsetzung festlegen m\u00fcssen.<\/p>\n\n\n\n<p>Bereits 1975 schlug der amerikanische Staatsmann und \u00d6konom Lyndon LaRouche diesen Plan vor, um den geologischen Gegebenheiten der V\u00f6lker Israels, Pal\u00e4stinas und Jordaniens gerecht zu werden, die in einer trockenen Region an der Schnittstelle dreier Kontinente leben. Im Mittelpunkt seiner Vision von den wirtschaftlichen Entwicklungspl\u00e4nen, die f\u00fcr die Umsetzung politischer L\u00f6sungen notwendig sind, stand die Schaffung von Wasserinfrastrukturen zur Begr\u00fcnung der W\u00fcsten und von Transportmitteln zur F\u00f6rderung von Handel und Produktion.<\/p>\n\n\n\n<p>Ein solcher Plan, der eine Perspektive definiert, die \u00fcber die Pl\u00e4ne der Weltbank, die Vorschl\u00e4ge Frankreichs und die der Arabischen Liga hinausgehen muss, steht im Widerspruch zur britischen Geopolitik und den kolonialen M\u00e4chten.<\/p>\n\n\n\n<p>Er ist inspiriert von der Vers\u00f6hnungskommission, die Nelson Mandela zur \u00dcberwindung der Apartheid ins Leben gerufen hat.\u201c<\/p>\n\n\n\n<p>F\u00fcnf konkrete Ma\u00dfnahmen sind erforderlich: eine sofortige Waffenruhe, die Freilassung von Geiseln und Gefangenen, die sofortige Wiederaufnahme der humanit\u00e4ren Hilfe und der Versorgung mit Wasser und Strom sowie die sofortige Anerkennung eines pal\u00e4stinensischen Staates als Vollmitglied der UNO.<\/p>\n\n\n\n<p>Die Bem\u00fchungen der Internationalen Friedenskoalition sind von entscheidender Bedeutung. Beteiligen Sie sich an der Internationalen Friedenskoalition (IPC) am 25. Juli bei ihrer&nbsp;<a href=\"https:\/\/schillerinstitute.com\/de\/schliessen-sie-sich-der-internationalen-friedenskoalition-an\/\" target=\"_blank\" rel=\"noreferrer noopener\">n\u00e4chsten Sitzung<\/a>.<\/p>\n\n\n\n<p><\/p>\n<!-- AddThis Advanced Settings generic via filter on the_content --><!-- AddThis Share Buttons generic via filter on the_content -->","protected":false},"excerpt":{"rendered":"<p>Ein Oasenplan f\u00fcr Pal\u00e4stina und Israel: Frieden durch gegenseitige Entwicklung! Liebe Friedensfreunde, Eine berechtigte Erg\u00e4nzung des US-Strafrechts erfolgte in den 1960er Jahren, als \u201everwerfliche Gleichg\u00fcltigkeit\u201c als neue Kategorie f\u00fcr strafrechtliche Schuld hinzugef\u00fcgt wurde, die vor allem bei der Verfolgung von F\u00e4llen individueller T\u00f6tungsdelikte Anwendung findet.&hellip;<!-- AddThis Advanced Settings generic via filter on get_the_excerpt --><!-- AddThis Share Buttons generic via filter on get_the_excerpt --><\/p>\n","protected":false},"author":33,"featured_media":111134,"comment_status":"open","ping_status":"closed","sticky":false,"template":"","format":"standard","meta":{"_lmt_disableupdate":"","_lmt_disable":"","footnotes":""},"categories":[37],"tags":[],"class_list":["post-111133","post","type-post","status-publish","format-standard","has-post-thumbnail","hentry","category-allgemein-de"],"featured_image_src":"https:\/\/schillerinstitute.com\/wp-content\/uploads\/2025\/07\/IPC-112-Einladung-deutsch.jpg","author_info":{"display_name":"tobi","author_link":"https:\/\/schillerinstitute.com\/de\/blog\/author\/tobi\/"},"modified_by":"tobi","cc_featured_image_caption":{"caption_text":"","source_text":"","source_url":""},"_links":{"self":[{"href":"https:\/\/schillerinstitute.com\/de\/wp-json\/wp\/v2\/posts\/111133","targetHints":{"allow":["GET"]}}],"collection":[{"href":"https:\/\/schillerinstitute.com\/de\/wp-json\/wp\/v2\/posts"}],"about":[{"href":"https:\/\/schillerinstitute.com\/de\/wp-json\/wp\/v2\/types\/post"}],"author":[{"embeddable":true,"href":"https:\/\/schillerinstitute.com\/de\/wp-json\/wp\/v2\/users\/33"}],"replies":[{"embeddable":true,"href":"https:\/\/schillerinstitute.com\/de\/wp-json\/wp\/v2\/comments?post=111133"}],"version-history":[{"count":4,"href":"https:\/\/schillerinstitute.com\/de\/wp-json\/wp\/v2\/posts\/111133\/revisions"}],"predecessor-version":[{"id":111147,"href":"https:\/\/schillerinstitute.com\/de\/wp-json\/wp\/v2\/posts\/111133\/revisions\/111147"}],"wp:featuredmedia":[{"embeddable":true,"href":"https:\/\/schillerinstitute.com\/de\/wp-json\/wp\/v2\/media\/111134"}],"wp:attachment":[{"href":"https:\/\/schillerinstitute.com\/de\/wp-json\/wp\/v2\/media?parent=111133"}],"wp:term":[{"taxonomy":"category","embeddable":true,"href":"https:\/\/schillerinstitute.com\/de\/wp-json\/wp\/v2\/categories?post=111133"},{"taxonomy":"post_tag","embeddable":true,"href":"https:\/\/schillerinstitute.com\/de\/wp-json\/wp\/v2\/tags?post=111133"}],"curies":[{"name":"wp","href":"https:\/\/api.w.org\/{rel}","templated":true}]}}