{"id":110261,"date":"2025-06-12T12:08:40","date_gmt":"2025-06-12T16:08:40","guid":{"rendered":"https:\/\/schillerinstitute.com\/?p=110261"},"modified":"2025-06-12T12:08:42","modified_gmt":"2025-06-12T16:08:42","slug":"helga-zepp-larouche-bei-dominik-kettner-wie-der-deep-state-uns-tief-in-den-krieg-zieht","status":"publish","type":"post","link":"https:\/\/schillerinstitute.com\/de\/blog\/2025\/06\/12\/helga-zepp-larouche-bei-dominik-kettner-wie-der-deep-state-uns-tief-in-den-krieg-zieht\/","title":{"rendered":"Helga Zepp-LaRouche bei Dominik Kettner: \u201eWie der Deep State uns tief in den Krieg zieht\u201c"},"content":{"rendered":"\n<p>Am 8. Juni ver\u00f6ffentlichte der Blogger Dominik Kettner ein 70-min\u00fctiges\u00a0Interview\u00a0mit Helga Zepp-LaRouche, in dem sie unter der \u00dcberschrift \u201eWie der Deep State uns tief in den Krieg zieht\u201c alle wichtigen strategischen und wirtschaftlichen Fragen auf internationaler und nationaler Ebene ansprechen konnte. Sie warnte ausf\u00fchrlich vor den aktuellen Gefahren, darunter ausdr\u00fccklich vor einem Atomkrieg, sowie vor der Unhaltbarkeit des Finanzsystems und skizzierte die Alternative eines neuen Wirtschaftssystems, das auf Zusammenarbeit basiert. Entscheidend f\u00fcr die Zukunft Deutschlands und anderer europ\u00e4ischer Nationen sei jedoch die Wiederbelebung der gro\u00dfen klassischen Kultur, die zugunsten einer dekadenten und destruktiven Popul\u00e4rkultur systematisch verdr\u00e4ngt worden sei. Als Beispiel nannte sie Menschen aus Asien, mit denen sie gesprochen hatte und die sich beklagten, da\u00df sie in Deutschland kaum jemanden finden k\u00f6nnten, der noch Schiller oder Beethoven kenne. Das sei eine Trag\u00f6die, denn ein Dialog der Kulturen sei die Grundlage f\u00fcr den Weltfrieden, sagte sie, aber ein solcher Dialog m\u00fcsse auf der h\u00f6chsten Ebene der nationalen Kulturen beginnen.\u00a0Es \u00fcberrascht nicht, da\u00df in den Kommentaren zu dem Interview viele den Wunsch \u00e4u\u00dferten, Helga k\u00f6nne Bundeskanzlerin oder Au\u00dfenministerin werden.<br><\/p>\n\n\n\n<figure class=\"wp-block-embed is-type-video is-provider-youtube wp-block-embed-youtube wp-embed-aspect-16-9 wp-has-aspect-ratio\"><div class=\"wp-block-embed__wrapper\">\n<iframe loading=\"lazy\" title=\"Wie der tiefe Staat uns in den Krieg zieht! (Helga Zepp-LaRouche)\" width=\"960\" height=\"540\" src=\"https:\/\/www.youtube.com\/embed\/U2aV7L9IO2A?feature=oembed\" frameborder=\"0\" allow=\"accelerometer; autoplay; clipboard-write; encrypted-media; gyroscope; picture-in-picture; web-share\" referrerpolicy=\"strict-origin-when-cross-origin\" allowfullscreen><\/iframe>\n<\/div><\/figure>\n<!-- AddThis Advanced Settings generic via filter on the_content --><!-- AddThis Share Buttons generic via filter on the_content -->","protected":false},"excerpt":{"rendered":"<p>Am 8. Juni ver\u00f6ffentlichte der Blogger Dominik Kettner ein 70-min\u00fctiges\u00a0Interview\u00a0mit Helga Zepp-LaRouche, in dem sie unter der \u00dcberschrift \u201eWie der Deep State uns tief in den Krieg zieht\u201c alle wichtigen strategischen und wirtschaftlichen Fragen auf internationaler und nationaler Ebene ansprechen konnte. Sie warnte ausf\u00fchrlich vor&hellip;<!-- AddThis Advanced Settings generic via filter on get_the_excerpt --><!-- AddThis Share Buttons generic via filter on get_the_excerpt --><\/p>\n","protected":false},"author":33,"featured_media":110262,"comment_status":"open","ping_status":"closed","sticky":false,"template":"","format":"standard","meta":{"_lmt_disableupdate":"","_lmt_disable":"","footnotes":""},"categories":[539],"tags":[],"class_list":["post-110261","post","type-post","status-publish","format-standard","has-post-thumbnail","hentry","category-hzl-coverage-de"],"featured_image_src":"https:\/\/schillerinstitute.com\/wp-content\/uploads\/2025\/06\/hzl-kettner.jpeg","author_info":{"display_name":"tobi","author_link":"https:\/\/schillerinstitute.com\/de\/blog\/author\/tobi\/"},"modified_by":"tobi","cc_featured_image_caption":{"caption_text":"","source_text":"","source_url":""},"_links":{"self":[{"href":"https:\/\/schillerinstitute.com\/de\/wp-json\/wp\/v2\/posts\/110261","targetHints":{"allow":["GET"]}}],"collection":[{"href":"https:\/\/schillerinstitute.com\/de\/wp-json\/wp\/v2\/posts"}],"about":[{"href":"https:\/\/schillerinstitute.com\/de\/wp-json\/wp\/v2\/types\/post"}],"author":[{"embeddable":true,"href":"https:\/\/schillerinstitute.com\/de\/wp-json\/wp\/v2\/users\/33"}],"replies":[{"embeddable":true,"href":"https:\/\/schillerinstitute.com\/de\/wp-json\/wp\/v2\/comments?post=110261"}],"version-history":[{"count":1,"href":"https:\/\/schillerinstitute.com\/de\/wp-json\/wp\/v2\/posts\/110261\/revisions"}],"predecessor-version":[{"id":110272,"href":"https:\/\/schillerinstitute.com\/de\/wp-json\/wp\/v2\/posts\/110261\/revisions\/110272"}],"wp:featuredmedia":[{"embeddable":true,"href":"https:\/\/schillerinstitute.com\/de\/wp-json\/wp\/v2\/media\/110262"}],"wp:attachment":[{"href":"https:\/\/schillerinstitute.com\/de\/wp-json\/wp\/v2\/media?parent=110261"}],"wp:term":[{"taxonomy":"category","embeddable":true,"href":"https:\/\/schillerinstitute.com\/de\/wp-json\/wp\/v2\/categories?post=110261"},{"taxonomy":"post_tag","embeddable":true,"href":"https:\/\/schillerinstitute.com\/de\/wp-json\/wp\/v2\/tags?post=110261"}],"curies":[{"name":"wp","href":"https:\/\/api.w.org\/{rel}","templated":true}]}}