{"id":109973,"date":"2025-06-03T14:41:27","date_gmt":"2025-06-03T18:41:27","guid":{"rendered":"https:\/\/schillerinstitute.com\/?p=109973"},"modified":"2025-06-03T14:49:12","modified_gmt":"2025-06-03T18:49:12","slug":"live-dialog-mit-helga-zepp-laroche-4-juni-2025-18-30-uhr","status":"publish","type":"post","link":"https:\/\/schillerinstitute.com\/de\/blog\/2025\/06\/03\/live-dialog-mit-helga-zepp-laroche-4-juni-2025-18-30-uhr\/","title":{"rendered":"Live-Dialog mit Helga Zepp-LaRoche, 4. Juni 2025, 18.30 Uhr"},"content":{"rendered":"\n<blockquote class=\"wp-block-quote is-layout-flow wp-block-quote-is-layout-flow\">\n<p><em>Diskutieren Sie mit Helga Zepp-LaRouche \u00fcber die Verwirklichung des Neuen Paradigmas f\u00fcr Frieden und echte wirtschaftliche Entwicklung. Senden Sie Ihre Fragen an\u00a0<\/em><a href=\"mailto:fragen@bueso.de\">fragen@bueso.de<\/a><em>\u00a0oder stellen Sie diese im n\u00e4chsten Live-Stream.<\/em><\/p>\n<\/blockquote>\n\n\n<p><iframe loading=\"lazy\" width=\"875\" height=\"492\" src=\"https:\/\/www.youtube.com\/embed\/PGH88w09nJ4\" title=\"Live-Dialog mit Helga Zepp-LaRouche(2025)\" frameborder=\"0\" allow=\"accelerometer; autoplay; clipboard-write; encrypted-media; gyroscope; picture-in-picture; web-share\" referrerpolicy=\"strict-origin-when-cross-origin\" allowfullscreen><\/iframe><\/p>\n\n\n<p>Heute fand in Istanbul das zweite Treffen zwischen Delegationen aus Russland und der Ukraine zur L\u00f6sung ihres Konflikts statt, was als positiver Erfolg zu werten ist. Dies gilt trotz der Versuche des Medien-Finanz-Milit\u00e4r-Komplexes, das Treffen als nutzlos zu diffamieren, um weitere Sanktionen gegen Russland zu erzwingen und die Friedensbem\u00fchungen von US-Pr\u00e4sident Trump als gescheitert und sogar seine Pr\u00e4sidentschaft als fragw\u00fcrdig darzustellen.<\/p>\n\n\n\n<p>Die strategischen Umst\u00e4nde, unter denen das heutige Treffen in Istanbul stattfand, sind \u201esehr, sehr bedrohlich\u201c, beschrieb Helga Zepp-LaRouche, Gr\u00fcnderin und Vorsitzende des Schiller-Instituts, die Situation heute. \u201eDie Welt ist einen Schritt n\u00e4her an einem Atomkrieg\u201c, und bezog sich dabei auf die Angriffe der \u201eOperation Spiderweb\u201c in der Ukraine am 31. Mai, bei denen lokal stationierte Drohnen f\u00fcnf milit\u00e4rische Ziele in Russland angriffen, sowie auf die offene Frage, inwieweit Pr\u00e4sident Donald Trump von dem Angriff wusste. Was wusste er und wann? Wurde er von einer \u201eabtr\u00fcnnigen CIA\u201c, die ihn absichtlich falsch informiert hat, im Dunkeln gelassen? Dies f\u00fchrt zu Umst\u00e4nden, die einen Staatsstreich in den USA darstellen.<\/p>\n\n\n\n<p>Gleichzeitig wird die Kriegshysterie in den Kreisen der europ\u00e4ischen Staats- und Regierungschefs von Stunde zu Stunde wilder, indem behauptet wird, die \u201eOperation Spiderweb\u201c der Ukraine habe gezeigt, wie gerissen die Ukrainer darin sind, Russland weiterhin zu schaden.<\/p>\n\n\n\n<p>Diese Vorg\u00e4nge sind keine Ereignisse, bei denen man tatenlos zuschauen kann. Sie sind ein Aufruf zum Handeln, um die Wahrheit ans Licht zu bringen und die Eskalation des Krieges zu stoppen, und um die B\u00fcrger zu mobilisieren, ihre Mitb\u00fcrger zu mobilisieren, um echte Diplomatie durchzusetzen, bevor es zu sp\u00e4t ist. Berichten zufolge gab es am Wochenende in mehreren deutschen St\u00e4dten kleine, aber wichtige Stra\u00dfenproteste gegen die Kriegsmaschinerie, die nun darauf dr\u00e4ngt, die Taurus-Raketen in die Ukraine zu schicken, 2026 neue US-Atomwaffen in Deutschland zu stationieren und die Ukraine zu unterst\u00fctzen, bis der Weltuntergang das Leben auf der Erde beendet. Am Samstag, dem 7. Juni, wird es eine Protestkundgebung in Berlin geben.<\/p>\n\n\n\n<p>Das Schiller-Institut hat heute&nbsp;<a href=\"https:\/\/schillerinstitute.com\/de\/blog\/2025\/06\/03\/vom-abgrund-des-dritten-weltkriegs-zuruecktreten\/\" target=\"_blank\" rel=\"noreferrer noopener\">die Erkl\u00e4rung<\/a>&nbsp;\u201eZur\u00fcck vom Rand des Dritten Weltkriegs!\u201c ver\u00f6ffentlicht. Sie wurde heute pers\u00f6nlich im Hauptquartier der UNO in New York verteilt und wird diese Woche in Washington, D.C. in Umlauf gebracht. Der vollst\u00e4ndige Text ist in diesem Bulletin enthalten.<\/p>\n\n\n\n<p>Schlie\u00dfen Sie sich der Aktion an und nehmen Sie am&nbsp;<a href=\"https:\/\/schillerinstitute.com\/de\/blog\/2025\/06\/03\/internationale-friedenskoalition-105-06-06-25-17-00-uhr-mez\/\" target=\"_blank\" rel=\"noreferrer noopener\">n\u00e4chsten Treffen der Internationalen Friedenskoalition&nbsp;<\/a>am Freitag, dem 6. Juni, teil.<\/p>\n\n\n\n<blockquote class=\"wp-block-quote is-layout-flow wp-block-quote-is-layout-flow\">\n<p><em>Diskutieren Sie mit Helga Zepp-LaRouche \u00fcber die Verwirklichung des Neuen Paradigmas f\u00fcr Frieden und echte wirtschaftliche Entwicklung. Senden Sie Ihre Fragen an&nbsp;<\/em><a href=\"mailto:fragen@bueso.de\">fragen@bueso.de<\/a><em>&nbsp;oder stellen Sie diese im n\u00e4chsten Live-Stream.<\/em><br><br><\/p>\n<\/blockquote>\n<!-- AddThis Advanced Settings generic via filter on the_content --><!-- AddThis Share Buttons generic via filter on the_content -->","protected":false},"excerpt":{"rendered":"<p>Diskutieren Sie mit Helga Zepp-LaRouche \u00fcber die Verwirklichung des Neuen Paradigmas f\u00fcr Frieden und echte wirtschaftliche Entwicklung. Senden Sie Ihre Fragen an\u00a0fragen@bueso.de\u00a0oder stellen Sie diese im n\u00e4chsten Live-Stream. Heute fand in Istanbul das zweite Treffen zwischen Delegationen aus Russland und der Ukraine zur L\u00f6sung ihres&hellip;<!-- AddThis Advanced Settings generic via filter on get_the_excerpt --><!-- AddThis Share Buttons generic via filter on get_the_excerpt --><\/p>\n","protected":false},"author":33,"featured_media":109979,"comment_status":"open","ping_status":"closed","sticky":false,"template":"","format":"standard","meta":{"_lmt_disableupdate":"","_lmt_disable":"","footnotes":""},"categories":[37,537,471,462],"tags":[],"class_list":["post-109973","post","type-post","status-publish","format-standard","has-post-thumbnail","hentry","category-allgemein-de","category-hzl-video-de","category-webcast-de","category-webcast-mit-helga-zepp-larouche"],"featured_image_src":"https:\/\/schillerinstitute.com\/wp-content\/uploads\/2025\/06\/live-dialogue-deutsch.jpg","author_info":{"display_name":"tobi","author_link":"https:\/\/schillerinstitute.com\/de\/blog\/author\/tobi\/"},"modified_by":"tobi","cc_featured_image_caption":{"caption_text":"","source_text":"","source_url":""},"_links":{"self":[{"href":"https:\/\/schillerinstitute.com\/de\/wp-json\/wp\/v2\/posts\/109973","targetHints":{"allow":["GET"]}}],"collection":[{"href":"https:\/\/schillerinstitute.com\/de\/wp-json\/wp\/v2\/posts"}],"about":[{"href":"https:\/\/schillerinstitute.com\/de\/wp-json\/wp\/v2\/types\/post"}],"author":[{"embeddable":true,"href":"https:\/\/schillerinstitute.com\/de\/wp-json\/wp\/v2\/users\/33"}],"replies":[{"embeddable":true,"href":"https:\/\/schillerinstitute.com\/de\/wp-json\/wp\/v2\/comments?post=109973"}],"version-history":[{"count":3,"href":"https:\/\/schillerinstitute.com\/de\/wp-json\/wp\/v2\/posts\/109973\/revisions"}],"predecessor-version":[{"id":109978,"href":"https:\/\/schillerinstitute.com\/de\/wp-json\/wp\/v2\/posts\/109973\/revisions\/109978"}],"wp:featuredmedia":[{"embeddable":true,"href":"https:\/\/schillerinstitute.com\/de\/wp-json\/wp\/v2\/media\/109979"}],"wp:attachment":[{"href":"https:\/\/schillerinstitute.com\/de\/wp-json\/wp\/v2\/media?parent=109973"}],"wp:term":[{"taxonomy":"category","embeddable":true,"href":"https:\/\/schillerinstitute.com\/de\/wp-json\/wp\/v2\/categories?post=109973"},{"taxonomy":"post_tag","embeddable":true,"href":"https:\/\/schillerinstitute.com\/de\/wp-json\/wp\/v2\/tags?post=109973"}],"curies":[{"name":"wp","href":"https:\/\/api.w.org\/{rel}","templated":true}]}}