{"id":109179,"date":"2025-05-04T12:09:11","date_gmt":"2025-05-04T16:09:11","guid":{"rendered":"https:\/\/schillerinstitute.com\/?p=109179"},"modified":"2025-05-04T12:09:13","modified_gmt":"2025-05-04T16:09:13","slug":"entwicklung-als-waffe-des-friedens-einsetzen","status":"publish","type":"post","link":"https:\/\/schillerinstitute.com\/de\/blog\/2025\/05\/04\/entwicklung-als-waffe-des-friedens-einsetzen\/","title":{"rendered":"Entwicklung als \u201eWaffe des Friedens\u201c einsetzen"},"content":{"rendered":"\n<p>Seit bald zwei Jahren veranstaltet die Internationale Friedenskoalition (IPC, IFK), die gegr\u00fcndet wurde, um Friedensbewegungen in aller Welt unabh\u00e4ngig von ihrer Ideologie zu vereinen, w\u00f6chentliche Onlinekonferenzen mit tausenden Teilnehmern aus \u00fcber 50 L\u00e4ndern. Am 2. Mai feierte die Koalition einen Meilenstein mit ihrer 100. w\u00f6chentlichen Sitzung.<\/p>\n\n\n\n<figure class=\"wp-block-embed is-type-video is-provider-youtube wp-block-embed-youtube wp-embed-aspect-16-9 wp-has-aspect-ratio\"><div class=\"wp-block-embed__wrapper\">\n<iframe loading=\"lazy\" title=\"IPC at 100: To &#039;Bear Witness Unto the Truth&#039; Means to Act to Stop the Genocide \u2014 IPC #100\" width=\"960\" height=\"540\" src=\"https:\/\/www.youtube.com\/embed\/pGF9ICnrpVM?feature=oembed\" frameborder=\"0\" allow=\"accelerometer; autoplay; clipboard-write; encrypted-media; gyroscope; picture-in-picture; web-share\" referrerpolicy=\"strict-origin-when-cross-origin\" allowfullscreen><\/iframe>\n<\/div><\/figure>\n\n\n\n<p>Die Gr\u00fcnderin des Schiller-Instituts,&nbsp;<strong>Helga Zepp-LaRouche<\/strong>, gab einen ungeschminkten Lage\u00fcberblick. Obwohl der Einflu\u00df der IPC zunehme, gebe es \u201eeine h\u00f6chst beunruhigende Zunahme von Konflikten\u201c. Auch wenn die einzelnen Konflikte regionale Ursachen haben m\u00f6gen, liege die eigentliche Ursache in den Spannungen durch den Niedergang der alten kolonialen Weltordnung und den Aufstieg eines neuen Systems. Zepp-LaRouche erw\u00e4hnte den erneuten Ausbruch von Feindseligkeiten zwischen Indien und Pakistan und forderte eine unabh\u00e4ngige Untersuchung des Terroranschlags, der der Ausl\u00f6ser war. Die Lage dort eskaliere, auf beiden Seiten werde der Einsatz von Atomwaffen nicht ausgeschlossen.<\/p>\n\n\n\n<p>In der Ukraine gebe es ein neues Abkommen, wonach die USA dort Rohstoffe ausbeuten k\u00f6nnen und einige US-Truppen in der Ukraine bleiben werden. \u201eDas k\u00f6nnte den Russen nicht gefallen.\u201c Leider seien \u201eeinige verr\u00fcckte Europ\u00e4er fest entschlossen, diesen Krieg fortzusetzen\u201c.<\/p>\n\n\n\n<p>In Bezug auf den von Pr\u00e4sident Trump ausgel\u00f6sten Handelskrieg warnte sie, solche Z\u00f6lle k\u00f6nnten einen Zahlungsausfall von Entwicklungsl\u00e4ndern und sogar den Zusammenbruch des Finanzsystems ausl\u00f6sen. Trump habe das nicht durchdacht.<\/p>\n\n\n\n<p>Seit dem 2. M\u00e4rz blockiere Israel nun den Gazastreifen, ein solcher Mi\u00dfbrauch von Nahrung als Waffe sei ein Kriegsverbrechen. Die IPC habe eine internationale Mobilisierung begonnen, um LaRouches Oasenplan<sup>1<\/sup>&nbsp;auf die Tagesordnung der hochrangigen Konferenz \u00fcber die Zweistaatenl\u00f6sung zu setzen, die die UNO f\u00fcr den 2.-4. Juni in New York geplant hat. Der verstorbene Papst Franziskus habe Entwicklung als \u201eWaffe des Friedens\u201c beschrieben und damit indirekt den Ansatz des Oasenplans unterst\u00fctzt.<\/p>\n\n\n\n<p>So wichtig regionale Ma\u00dfnahmen auch sein m\u00f6gen, f\u00fcr eine dauerhafte L\u00f6sung m\u00fcsse man die Geopolitik beenden. Man brauche ein neues Paradigma, das die Menschheit an die erste Stelle setzt, mit einer neuen Sicherheits- und Entwicklungsarchitektur.<sup>2<\/sup><\/p>\n\n\n\n<p><strong>Oberst a. D. Richard Black<\/strong>, ehemaliger Leiter der Strafrechtsabteilung der US-Armee und ehemaliger Landessenator in Virginia, warnte, die USA seien \u201ew\u00e4hrend der Biden-Regierung gegen\u00fcber China extrem provokativ geworden\u201c. Er gab einen \u00dcberblick \u00fcber solche Aktivit\u00e4ten, wie den Besuch der Kongre\u00dfabgeordneten Nancy Pelosi und anderer in Taiwan, der China bewu\u00dft provozieren sollte. \u201eBedenken Sie das Ausma\u00df eines m\u00f6glichen Krieges mit China und vergleichen Sie ihn mit Vietnam!\u201c Der Vietnamkrieg habe die USA viel gekostet und f\u00fcr sie mit einer Niederlage geendet, und China sei 29 Mal so gro\u00df wie Vietnam, mit einer viel gr\u00f6\u00dferen Bev\u00f6lkerung und viel modernerer Technologie.<\/p>\n\n\n\n<p>Der ehemalige iranische Botschafter in Deutschland,&nbsp;<strong>Hossein Mousavian<\/strong>, beschrieb, wie der Iran sich um einen Kompromi\u00df mit dem Westen bem\u00fchte: Das Land habe sich bereit erkl\u00e4rt, mit der Internationalen Atomenergie-Organisation (IAEO) zusammenzuarbeiten und zu 60% angereichertes Uran nach Ru\u00dfland zu exportieren, um die Bef\u00fcrchtung zu zerstreuen, da\u00df es den Bau von Atomwaffen anstrebt. Die Trump-Regierung habe einige Fortschritte bei den Verhandlungen erzielt, aber dann die Entsendung des US-Expertenteams nach Oman abgesagt \u2013 nach einer Intervention des israelischen Regierungschefs Netanjahu, der erkl\u00e4rte, Israel werde nur das \u201elibysche Modell\u201c des Verzichts auch auf friedliche Kernkraftnutzung akzeptieren (was mit der v\u00f6lligen Zerst\u00f6rung Libyens endete). Die Behauptung von US-Au\u00dfenminister Rubio, Urananreicherung diene ausschlie\u00dflich der Herstellung von Bomben, sei eine l\u00e4cherliche Unwahrheit. Mousavian nannte eine lange Liste von Staaten, die Anreicherungsprogramme, aber keine Atomwaffen haben.<\/p>\n\n\n\n<p><strong>Ofer Bronchtein<\/strong>, ehemaliger Berater des israelischen Pr\u00e4sidenten Jitzhak Rabin und Pr\u00e4sident des Internationalen Friedensforums in Paris, ist heute Berater von Pr\u00e4sident Macron f\u00fcr die Lage in Israel. Er ist \u00fcberzeugt, da\u00df die franz\u00f6sisch-saudische Initiative f\u00fcr eine Zweistaatenl\u00f6sung Erfolg haben kann, und will eine Koalition bilden, die sie unterst\u00fctzt. Zepp-LaRouche bat ihn, sich der Mobilisierung f\u00fcr den Oasenplan anzuschlie\u00dfen, und er antwortete, Rabin habe die Bedeutung der Wasserversorgung verstanden: \u201eOhne Wasser wird es keinen Frieden geben.\u201c<\/p>\n\n\n\n<h3 class=\"wp-block-heading\">V\u00f6lkerrecht in Gefahr<\/h3>\n\n\n\n<p><strong>Jonathan Kuttab<\/strong>, internationaler Menschenrechtsanwalt, Gesch\u00e4ftsf\u00fchrer von Friends of Sabeel North America und Mitbegr\u00fcnder von Nonviolence International, sprach \u00fcber das Problem der \u201ev\u00f6lligen Straffreiheit Israels bei der Mi\u00dfachtung des V\u00f6lkerrechts\u201c. Israel mache sich nicht einmal mehr die M\u00fche, milit\u00e4rische Ziele als Ausrede vorzubringen. Israels Streitkr\u00e4fte h\u00e4tten \u00fcber 230 Journalisten get\u00f6tet, mehr als in jedem fr\u00fcheren Konflikt auf der Welt. \u201eWir sehen heute einen gezielten Angriff auf internationale Institutionen, auf internationale Gerichte und auf das V\u00f6lkerrecht an sich.\u201c Dies habe Auswirkungen weit \u00fcber den Nahostkonflikt hinaus.<\/p>\n\n\n\n<p>Anschlie\u00dfend wurden Ausschnitte aus einem Videointerview von Gerald Belsky von EIR mit&nbsp;<strong>Maoz Inon<\/strong>&nbsp;gezeigt, einem israelischen Friedensaktivisten und Anf\u00fchrer der kommenden Friedensdemonstration \u201ePeople\u2018s Peace Summit\u201c in Jerusalem am 8.\/9. Mai. Inon sagte, nur mit dem Traum einer besseren Zukunft k\u00f6nne man die Realit\u00e4t ver\u00e4ndern. Man m\u00fcsse es laut herausschreien, tanzen und singen, um den Traum zu verwirklichen. Notwendig seien jetzt Diplomatie, Dialog und Verhandlungen. Die j\u00fcngsten Gro\u00dfbr\u00e4nde in Israel seien eine Folge davon, da\u00df Investitionen, die f\u00fcr die Wasserwirtschaft vorgesehen waren, f\u00fcr milit\u00e4rische Zwecke umgeleitet wurden.<\/p>\n\n\n\n<p>Der LaRouche-Aktivist&nbsp;<strong>Robert Castle<\/strong>&nbsp;berichtete \u00fcber seine Arbeit mit jungen Menschen. Er arbeitet mit der Kongre\u00dfkampagne von Jos\u00e9 Vega in New York zusammen, spricht Studenten an und \u201efordert die jungen B\u00fcrger unserer Republik auf, sich zu fragen, ob sie eine moralische Verantwortung haben, in dieser Krise zu intervenieren\u201c.<\/p>\n\n\n\n<p>Zepp-LaRouche stimmte Kuttab zu: Es gehe um mehr als nur um Gaza, das gr\u00f6\u00dfere Problem sei die Unt\u00e4tigkeit der Weltgemeinschaft angesichts des V\u00f6lkermords, das k\u00f6nne zu einem v\u00f6lligen Zusammenbruch des V\u00f6lkerrechts und Abstieg in die Barbarei f\u00fchren. Das V\u00f6lkerrecht habe erst mit dem Westf\u00e4lischen Frieden begonnen, der es notwendig machte.<\/p>\n\n\n\n<h3 class=\"wp-block-heading\">Diskussion<\/h3>\n\n\n\n<p>Zepp-LaRouche beantwortete eine Frage zum Konflikt zwischen Indien und Pakistan mit der Frage: \u201eCui bono?\u201c Wem n\u00fctzt es? Viele L\u00e4nder, die dem BRICS-B\u00fcndnis beitreten wollen, seien Ziel wirtschaftlich-finanzieller Kriegsf\u00fchrung oder gewaltsamer Destabilisierung.<\/p>\n\n\n\n<p>Kuttab wurde gefragt, was die Zivilgesellschaft tun k\u00f6nne, wenn Regierungen unt\u00e4tig bleiben. Er bef\u00fcrwortete die Boykottkampagne BDS und sagte, wir sollten Fu\u00dfball- und Kulturorganisationen gr\u00fcnden (die eine gro\u00dfe Rolle bei der Beendigung der Apartheid in S\u00fcdafrika spielten).<\/p>\n\n\n\n<p>Ein deutscher Teilnehmer forderte, f\u00fcr den Oasenplan Solarenergie statt Kernenergie zu nutzen. Er wurde zur bevorstehenden Konferenz des Schiller-Instituts eingeladen, auf der dieses Thema behandelt wird. Co-Moderator&nbsp;<strong>Dennis Small<\/strong>&nbsp;erinnerte daran, da\u00df die Energieflu\u00dfdichte der Ma\u00dfstab f\u00fcr die Bewertung von Energiequellen sei. Weil die Iberische Halbinsel vollst\u00e4ndig auf Solar- und Windenergie umstellte, sei dort letzte Woche das gesamte Stromnetz ausgefallen.<\/p>\n\n\n\n<p>Eine Frage lautete: War Rabins Ermordung der Ausl\u00f6ser f\u00fcr die aktuelle Krise? Kuttab antwortete, fraglos habe Rabin versucht, \u201emit der Situation auf neue Weise umzugehen\u201c, aber es habe auch davor und danach Probleme gegeben.<\/p>\n\n\n\n<p>Die Moderatorin&nbsp;<strong>Anastasia Battle<\/strong>&nbsp;berichtete \u00fcber einen Angriff auf das Schiff der Freedom Flotilla mit Hilfsg\u00fctern f\u00fcr Gaza in internationalen Gew\u00e4ssern, auf dem einige IPC-Teilnehmer an Bord sind. Die IPC hoffe, da\u00df sie sicher und wohlauf sind.<\/p>\n\n\n\n<p>Auf eine Frage der China Media Group zum Handelskrieg antwortete Zepp-LaRouche: \u201ePr\u00e4sident Trump schwankt jetzt hin und her und reagiert auf Druck.\u201c Sie zitierte Nikolaus von Kues: Man k\u00f6nne ein systemisches Problem nicht l\u00f6sen, indem man sich nur mit Nebens\u00e4chlichkeiten befa\u00dft. Der kreative Geist des Menschen habe immer die F\u00e4higkeit, ein Problem auf einer h\u00f6heren Ebene zu l\u00f6sen als der, auf der es entstanden ist. Abschlie\u00dfend erneuerte sie ihren Appell an alle mitzuhelfen, den Oasenplan und die Zehn Prinzipien auf die Tagesordnung der UN-Konferenz im Juni zu setzen.<\/p>\n\n\n\n<hr class=\"wp-block-separator has-alpha-channel-opacity\"\/>\n\n\n\n<p><strong>Anmerkungen<\/strong><\/p>\n\n\n\n<p>1.&nbsp;<a href=\"https:\/\/youtu.be\/2qmFdGScraI\" target=\"_blank\" rel=\"noreferrer noopener\">Der Oasenplan: LaRouches Vision f\u00fcr S\u00fcdwestasien<\/a>, Video, Schiller-Institut, und<br>&nbsp;&nbsp;&nbsp;&nbsp;<a href=\"https:\/\/schillerinstitute.com\/the-oasis-plan-the-larouche-solution-for-southwest-asia\/\" target=\"_blank\" rel=\"noreferrer noopener\">The Oasis Plan \u2013 The LaRouche Solution for Southwest Asia<\/a>,<br>&nbsp;&nbsp;&nbsp;&nbsp;eine umfassende Darstellung des Oasis Plans (englisch), Schiller-Institut.<\/p>\n\n\n\n<p>2.&nbsp;<a href=\"https:\/\/schillerinstitute.com\/de\/blog\/2022\/11\/30\/zehn-prinzipien-fuer-eine-neue-internationale-sicherheits-und-entwicklungsarchitektur\/\" target=\"_blank\" rel=\"noreferrer noopener\">Zehn Prinzipien f\u00fcr eine neue internationale Sicherheits- und Entwicklungsarchitektur<\/a>,<br>&nbsp;&nbsp;&nbsp;&nbsp;Helga Zepp-LaRouche, Schiller-Institut.<\/p>\n\n\n\n<p><\/p>\n<!-- AddThis Advanced Settings generic via filter on the_content --><!-- AddThis Share Buttons generic via filter on the_content -->","protected":false},"excerpt":{"rendered":"<p>Seit bald zwei Jahren veranstaltet die Internationale Friedenskoalition (IPC, IFK), die gegr\u00fcndet wurde, um Friedensbewegungen in aller Welt unabh\u00e4ngig von ihrer Ideologie zu vereinen, w\u00f6chentliche Onlinekonferenzen mit tausenden Teilnehmern aus \u00fcber 50 L\u00e4ndern. Am 2. Mai feierte die Koalition einen Meilenstein mit ihrer 100. w\u00f6chentlichen&hellip;<!-- AddThis Advanced Settings generic via filter on get_the_excerpt --><!-- AddThis Share Buttons generic via filter on get_the_excerpt --><\/p>\n","protected":false},"author":33,"featured_media":109180,"comment_status":"open","ping_status":"closed","sticky":false,"template":"","format":"standard","meta":{"_lmt_disableupdate":"","_lmt_disable":"","footnotes":""},"categories":[37,801],"tags":[],"class_list":["post-109179","post","type-post","status-publish","format-standard","has-post-thumbnail","hentry","category-allgemein-de","category-internationale-friedenskoalition"],"featured_image_src":"https:\/\/schillerinstitute.com\/wp-content\/uploads\/2025\/05\/IPC-100-bericht-deutsch.jpg","author_info":{"display_name":"tobi","author_link":"https:\/\/schillerinstitute.com\/de\/blog\/author\/tobi\/"},"modified_by":"tobi","cc_featured_image_caption":{"caption_text":"","source_text":"","source_url":""},"_links":{"self":[{"href":"https:\/\/schillerinstitute.com\/de\/wp-json\/wp\/v2\/posts\/109179","targetHints":{"allow":["GET"]}}],"collection":[{"href":"https:\/\/schillerinstitute.com\/de\/wp-json\/wp\/v2\/posts"}],"about":[{"href":"https:\/\/schillerinstitute.com\/de\/wp-json\/wp\/v2\/types\/post"}],"author":[{"embeddable":true,"href":"https:\/\/schillerinstitute.com\/de\/wp-json\/wp\/v2\/users\/33"}],"replies":[{"embeddable":true,"href":"https:\/\/schillerinstitute.com\/de\/wp-json\/wp\/v2\/comments?post=109179"}],"version-history":[{"count":4,"href":"https:\/\/schillerinstitute.com\/de\/wp-json\/wp\/v2\/posts\/109179\/revisions"}],"predecessor-version":[{"id":109193,"href":"https:\/\/schillerinstitute.com\/de\/wp-json\/wp\/v2\/posts\/109179\/revisions\/109193"}],"wp:featuredmedia":[{"embeddable":true,"href":"https:\/\/schillerinstitute.com\/de\/wp-json\/wp\/v2\/media\/109180"}],"wp:attachment":[{"href":"https:\/\/schillerinstitute.com\/de\/wp-json\/wp\/v2\/media?parent=109179"}],"wp:term":[{"taxonomy":"category","embeddable":true,"href":"https:\/\/schillerinstitute.com\/de\/wp-json\/wp\/v2\/categories?post=109179"},{"taxonomy":"post_tag","embeddable":true,"href":"https:\/\/schillerinstitute.com\/de\/wp-json\/wp\/v2\/tags?post=109179"}],"curies":[{"name":"wp","href":"https:\/\/api.w.org\/{rel}","templated":true}]}}