{"id":109131,"date":"2025-05-01T10:52:31","date_gmt":"2025-05-01T14:52:31","guid":{"rendered":"https:\/\/schillerinstitute.com\/?p=109131"},"modified":"2025-05-01T10:56:43","modified_gmt":"2025-05-01T14:56:43","slug":"internationale-friedenskoalition-100-02-05-25-17-00-uhr-mez","status":"publish","type":"post","link":"https:\/\/schillerinstitute.com\/de\/blog\/2025\/05\/01\/internationale-friedenskoalition-100-02-05-25-17-00-uhr-mez\/","title":{"rendered":"Internationale Friedenskoalition #100, 02.05.25, 17.00 Uhr (MEZ)"},"content":{"rendered":"\n<p><strong>Das 100. IPC-Treffen: Die \u201aWahrheit zu bezeugen\u2018 bedeutet den V\u00f6lkermord zu stoppen!<\/strong><\/p>\n\n\n<div class=\"info-box\">\n<h3 class=\"info-box-title\" style=\"\">100. Treffen der Internationalen Friedenskoalition<\/h3>\n<div class=\"info-box-content\" style=\"\">\n<p>Das 100. IPC-Treffen: Die \u201aWahrheit zu bezeugen\u2018 bedeutet den V\u00f6lkermord zu stoppen!<\/p>\n<p>02.05.25<\/p>\n<p>17.00 Uhr <\/p>\n<p>Diese Woche stellt ein besonderes Treffen dar, das zeigt, wie stark wir als Gruppe nach 100 aufeinanderfolgenden Wochen\/Sitzungen sind.<br \/>\nSchlie\u00dfen Sie sich diesen Freitag der Internationalen Friedenskoalition mit Senator a.D. Richard Black, dem ehemaligen iranischen Botschafter Seyed Hossein Mousavian, Jonathan Kuttab, Maoz Inon und anderen an.<br \/>\nBitte teilen Sie mit uns Ihre Berichte und Initiativen und Sie und Ihre Organisation sind herzlich eingeladen.<\/p>\n<p><a href=\"https:\/\/schillerinstitute.com\/de\/schliessen-sie-sich-der-internationalen-friedenskoalition-an\/\" class=\"custom-button small\" data-newwindow=\"true\">Zur Anmeldung<\/a>\n<\/p>\n<\/div>\n<\/div>\n\n\n\n<p>Es ist schwer, sich der Realit\u00e4t zu entziehen, dass wir Zeugen einer umfassenden, systemischen Krise im Westen sind.<\/p>\n\n\n\n<p>Die britische Geopolitik, einschlie\u00dflich des Einsatzes von Terroristen, droht einen weiteren Krieg auszul\u00f6sen, diesmal im indisch-pakistanischen Raum. Beide L\u00e4nder in der Region sind Atomm\u00e4chte und drohen offen mit dem Einsatz dieser Waffen.<\/p>\n\n\n\n<p>Auf der Iberischen Halbinsel brach am 28. April f\u00fcr fast 24 Stunden die Stromversorgung vollst\u00e4ndig zusammen. Spanien hat die klinisch wahnsinnige Energiepolitik der EU am aggressivsten umgesetzt, die auf eine vollst\u00e4ndige Abh\u00e4ngigkeit von \u201eerneuerbaren\u201c \u2013 d.h. unbest\u00e4ndigen und unzuverl\u00e4ssigen \u2013 Energiequellen mit m\u00f6glichst geringer Energiedichte setzt. Deutschland und die gesamte EU verfolgen denselben Kurs.<\/p>\n\n\n\n<p>Pr\u00e4sident Trump beharrt weiterhin auf einer Zollpolitik, die vorhersehbar zu einem starken Anstieg der Inflation und zur Schlie\u00dfung von Fabriken in den USA f\u00fchrt, sowie steigenden Zahlungsausf\u00e4llen bei Krediten von Banken im In- und Ausland. Dies ist ein Wirtschaftskrieg gegen die L\u00e4nder, von denen die physische Wirtschaft der USA am st\u00e4rksten abh\u00e4ngt \u2013 insbesondere China.<\/p>\n\n\n\n<p>Es ist schwer, sich der Realit\u00e4t zu entziehen, dass wir Zeugen einer umfassenden, systemischen Krise im Westen sind.<\/p>\n\n\n\n<p>Die britische Geopolitik, einschlie\u00dflich des Einsatzes von Terroristen, droht einen weiteren Krieg auszul\u00f6sen, diesmal im indisch-pakistanischen Raum. Beide L\u00e4nder in der Region sind Atomm\u00e4chte und drohen offen mit dem Einsatz dieser Waffen.<\/p>\n\n\n\n<p>Auf der Iberischen Halbinsel brach am 28. April f\u00fcr fast 24 Stunden die Stromversorgung vollst\u00e4ndig zusammen. Spanien hat die klinisch wahnsinnige Energiepolitik der EU am aggressivsten umgesetzt, die auf eine vollst\u00e4ndige Abh\u00e4ngigkeit von \u201eerneuerbaren\u201c \u2013 d.h. unbest\u00e4ndigen und unzuverl\u00e4ssigen \u2013 Energiequellen mit m\u00f6glichst geringer Energiedichte setzt. Deutschland und die gesamte EU verfolgen denselben Kurs.<\/p>\n\n\n\n<p>Pr\u00e4sident Trump beharrt weiterhin auf einer Zollpolitik, die vorhersehbar zu einem starken Anstieg der Inflation und zur Schlie\u00dfung von Fabriken in den USA f\u00fchrt, sowie steigenden Zahlungsausf\u00e4llen bei Krediten von Banken im In- und Ausland. Dies ist ein Wirtschaftskrieg gegen die L\u00e4nder, von denen die physische Wirtschaft der USA am st\u00e4rksten abh\u00e4ngt \u2013 insbesondere China.<\/p>\n\n\n\n<p>Die herrschenden politischen Eliten in den Vereinigten Staaten und Europa weigern sich hartn\u00e4ckig, zuzugeben, dass ihre Politik kl\u00e4glich gescheitert ist, geschweige denn, Optionen zur L\u00f6sung der Krisen in Betracht zu ziehen. Wie die Gr\u00fcnderin des Schiller-Instituts, Helga Zepp-LaRouche, in einer politischen Diskussion am 28. April erkl\u00e4rte, \u201eist es ganz klar, dass die gesamte Kriegsgefahr derzeit von der Unf\u00e4higkeit oder Unwilligkeit des westlichen Establishments herr\u00fchrt, [\u2026] das Scheitern dieser Politik anzuerkennen und sie durch die richtige Politik zu ersetzen.\u201c Diese wird von den BRICS-Staaten und anderen Nationen des Globalen S\u00fcdens repr\u00e4sentiert, die entschlossen sind, 500 Jahre Kolonialismus durch wissenschaftsbasierte Entwicklung zu beenden.<\/p>\n\n\n\n<p>Wir sind Zeugen, wie die jetzige US-Regierung, wie vorher Joe Biden, den V\u00f6lkermord in Gaza weiter erm\u00f6glicht, indem sie vor dem Internationalen Gerichtshof das \u201eRecht\u201c der Regierung Netanjahu verteidigt, die UNRWA \u2013 die wichtigste Quelle f\u00fcr organisierte Lebensmittel und andere Hilfe f\u00fcr die hungernden Pal\u00e4stinenser \u2013 aus Gaza und dem Westjordanland zu verbannen.<\/p>\n\n\n\n<p>Aber \u201eZeugnis f\u00fcr die Wahrheit ablegen\u201c bedeutet auch die Verantwortung, zu handeln.<\/p>\n\n\n\n<p>Das Schiller-Institut \u2013 und die von ihm im Mai 2023 ins Leben gerufene Internationale Friedenskoalition \u2013 wird deshalb seine n\u00e4chste 100. w\u00f6chentlichen Sitzung am Freitag, dem 2. Mai, als Startschuss nutzen, um LaRouches Oasenplan in den Mittelpunkt der Beratungen rund um die bevorstehende Konferenz der Vereinten Nationen vom 2. bis 4. Juni zu stellen, die eine \u201efriedliche L\u00f6sung der Pal\u00e4stina-Frage\u201c fordert. Gem\u00e4\u00df der&nbsp;<a href=\"https:\/\/documents.un.org\/doc\/undoc\/ltd\/n24\/368\/10\/pdf\/n2436810.pdf?ref=eirna.de\">Einberufungsresolution<\/a>&nbsp;der UNO wird die Konferenz in New York City stattfinden und \u201eein handlungsorientiertes Abschlussdokument verabschieden, um dringend einen unumkehrbaren Weg zur friedlichen L\u00f6sung der Pal\u00e4stinafrage und zur Umsetzung der Zwei-Staaten-L\u00f6sung aufzuzeigen.\u201c<\/p>\n\n\n\n<p>\u201eWir m\u00fcssen den V\u00f6lkermord stoppen,\u201c betonte Zepp-LaRouche, \u201eund daf\u00fcr brauchen wir einen Durchbruch.\u201c Der Ansatz zur \u00dcberwindung der britischen Geopolitik und f\u00fcr Frieden durch Entwicklung, den LaRouches Oasenplan f\u00fcr S\u00fcdwestasien verfolgt, weist den Weg f\u00fcr eine globale Politik, die der Westen verfolgen muss, um den sich beschleunigenden Kurs in Richtung eines systemischen Zusammenbruchs zu stoppen.<\/p>\n\n\n\n<p>Beteiligen Sie sich an der&nbsp;100. Sitzung des IPC am Freitag, um unsere Aktionen f\u00fcr Frieden und Entwicklung zu verst\u00e4rken. Hier k\u00f6nnen Sie sich f\u00fcr die Konferenz des Schiller-Instituts (24.\/ 25. Mai) anmelden:&nbsp;<a href=\"https:\/\/schillerinstitute.com\/blog\/2025\/03\/01\/conference-invitation\/?ref=eirna.de\">\u201eEine sch\u00f6ne Vision f\u00fcr die Menschheit in Zeiten gro\u00dfer Turbulenzen!\u201c<\/a><\/p>\n\n\n\n<p><\/p>\n<!-- AddThis Advanced Settings generic via filter on the_content --><!-- AddThis Share Buttons generic via filter on the_content -->","protected":false},"excerpt":{"rendered":"<p>Das 100. IPC-Treffen: Die \u201aWahrheit zu bezeugen\u2018 bedeutet den V\u00f6lkermord zu stoppen! Es ist schwer, sich der Realit\u00e4t zu entziehen, dass wir Zeugen einer umfassenden, systemischen Krise im Westen sind. Die britische Geopolitik, einschlie\u00dflich des Einsatzes von Terroristen, droht einen weiteren Krieg auszul\u00f6sen, diesmal im&hellip;<!-- AddThis Advanced Settings generic via filter on get_the_excerpt --><!-- AddThis Share Buttons generic via filter on get_the_excerpt --><\/p>\n","protected":false},"author":33,"featured_media":109133,"comment_status":"open","ping_status":"closed","sticky":false,"template":"","format":"standard","meta":{"_lmt_disableupdate":"","_lmt_disable":"","footnotes":""},"categories":[37],"tags":[],"class_list":["post-109131","post","type-post","status-publish","format-standard","has-post-thumbnail","hentry","category-allgemein-de"],"featured_image_src":"https:\/\/schillerinstitute.com\/wp-content\/uploads\/2025\/05\/IPC-100.jpg","author_info":{"display_name":"tobi","author_link":"https:\/\/schillerinstitute.com\/de\/blog\/author\/tobi\/"},"modified_by":"tobi","cc_featured_image_caption":{"caption_text":"","source_text":"","source_url":""},"_links":{"self":[{"href":"https:\/\/schillerinstitute.com\/de\/wp-json\/wp\/v2\/posts\/109131","targetHints":{"allow":["GET"]}}],"collection":[{"href":"https:\/\/schillerinstitute.com\/de\/wp-json\/wp\/v2\/posts"}],"about":[{"href":"https:\/\/schillerinstitute.com\/de\/wp-json\/wp\/v2\/types\/post"}],"author":[{"embeddable":true,"href":"https:\/\/schillerinstitute.com\/de\/wp-json\/wp\/v2\/users\/33"}],"replies":[{"embeddable":true,"href":"https:\/\/schillerinstitute.com\/de\/wp-json\/wp\/v2\/comments?post=109131"}],"version-history":[{"count":6,"href":"https:\/\/schillerinstitute.com\/de\/wp-json\/wp\/v2\/posts\/109131\/revisions"}],"predecessor-version":[{"id":109147,"href":"https:\/\/schillerinstitute.com\/de\/wp-json\/wp\/v2\/posts\/109131\/revisions\/109147"}],"wp:featuredmedia":[{"embeddable":true,"href":"https:\/\/schillerinstitute.com\/de\/wp-json\/wp\/v2\/media\/109133"}],"wp:attachment":[{"href":"https:\/\/schillerinstitute.com\/de\/wp-json\/wp\/v2\/media?parent=109131"}],"wp:term":[{"taxonomy":"category","embeddable":true,"href":"https:\/\/schillerinstitute.com\/de\/wp-json\/wp\/v2\/categories?post=109131"},{"taxonomy":"post_tag","embeddable":true,"href":"https:\/\/schillerinstitute.com\/de\/wp-json\/wp\/v2\/tags?post=109131"}],"curies":[{"name":"wp","href":"https:\/\/api.w.org\/{rel}","templated":true}]}}