{"id":107213,"date":"2025-02-25T11:37:25","date_gmt":"2025-02-25T16:37:25","guid":{"rendered":"https:\/\/schillerinstitute.com\/?p=107213"},"modified":"2025-02-25T11:37:27","modified_gmt":"2025-02-25T16:37:27","slug":"live-dialog-mit-helga-zepp-larouche-26-februar-18-30-uhr","status":"publish","type":"post","link":"https:\/\/schillerinstitute.com\/de\/blog\/2025\/02\/25\/live-dialog-mit-helga-zepp-larouche-26-februar-18-30-uhr\/","title":{"rendered":"Live-Dialog mit Helga Zepp-LaRouche, 26. Februar, 18.30 Uhr"},"content":{"rendered":"\n<blockquote class=\"wp-block-quote is-layout-flow wp-block-quote-is-layout-flow\">\n<p>Diskutieren Sie mit Helga Zepp-LaRouche \u00fcber die Verwirklichung des Neuen Paradigmas f\u00fcr Frieden und echte wirtschaftliche Entwicklung. Senden Sie Ihre Fragen an <a href=\"mailto:fragen@bueso.de\">fragen@bueso.de<\/a> oder stellen Sie diese im n\u00e4chsten Live-Stream.<\/p>\n<\/blockquote>\n\n\n<p><iframe loading=\"lazy\" title=\"Deutschland muss die Friedenskurve kriegen!\" src=\"https:\/\/www.youtube.com\/embed\/3Nvubt16OSY\" width=\"928\" height=\"522\" frameborder=\"0\" allowfullscreen=\"allowfullscreen\"><\/iframe><\/p>\n\n\n<h2 class=\"wp-block-heading has-text-align-center\">Helga Zepp-LaRouche: Wenn die Wahl-Blase platzt<\/h2>\n\n\n\n<p><em>Die Vorsitzende der B\u00fcrgerrechtsbewegung Solidarit\u00e4t (B\u00fcSo) und Gr\u00fcnderin des Schiller-Instituts,<br>Helga Zepp-LaRouche, gab am 23.2. nach Bekanntwerden der Ergebnisse der Bundestagswahl die<br>folgende Erkl\u00e4rung ab.<\/em><br><br>Das Ergebnis der Bundestagswahl vom 23. Februar 2025 spiegelt voll und ganz die Tatsache wider,<br>da\u00df dieser Wahlkampf in einer beispiellosen Blase gef\u00fchrt wurde, die von den meisten Parteien und den Mainstream-Medien im Sinne des NATO-Narrativs erm\u00f6glicht wurde. Die ganze Welt lacht nun<br>\u00fcber die v\u00f6llige Unf\u00e4higkeit des deutschen pro-atlantischen Establishments, deutsche Interessen<br>auch nur ann\u00e4hernd zu verteidigen. Sowohl die Merkel-Regierung als auch die sogenannte Ampel-<br>Regierung haben es str\u00e4flich zugelassen, da\u00df Deutschland in einen NATO-Krieg gegen Ru\u00dfland<br>hineingezogen wurde, der die deutsche Wirtschaft weitgehend ruiniert hat.<br><br>W\u00e4hrend sich Angela Merkel auf dem NATO-Gipfel in Bukarest 2008 noch strikt gegen eine<br>schnelle Aufnahme der Ukraine aussprach, hat sie mit ihrer doppelz\u00fcngigen Haltung zum Minsk-II-<br>Proze\u00df dazu beigetragen, da\u00df es zum Ukraine-Krieg kam und das Vertrauen zwischen Ru\u00dfland und<br>Deutschland nachhaltig zerst\u00f6rt wurde.<br><br>Entgegen seiner fr\u00fcheren \u00c4u\u00dferungen \u00fcber die Gefahr eines Weltkriegs hat sich Bundeskanzler<br>Scholz bewu\u00dft dem NATO-Narrativ unterworfen, indem er weiterhin immer mehr Waffen an die<br>Ukraine liefert, ohne da\u00df es eine \u00f6ffentliche Debatte \u00fcber die Folgen davon f\u00fcr Deutschland gibt.<br>Zur Aufkl\u00e4rung des gr\u00f6\u00dften Terroranschlags auf die f\u00fcr die deutsche Infrastruktur wichtige Nord-<br>Stream-Pipeline hat die Ampel nichts beigetragen. Die deutsche Wirtschaft befindet sich im freien<br>Fall. Das alles war kein Thema im Wahlkampf.<br><br>Falls es Friedrich Merz gelingt, relativ zeitnah eine Regierung zu bilden, wird er sich entscheiden<br>m\u00fcssen, ob er sich positiv auf den neuen diplomatischen Proze\u00df zwischen der Trump-<br>Administration und Pr\u00e4sident Putin bezieht, oder dem Deutschland gef\u00e4hrdenden Militarismus der<br>britischen Regierung und der Br\u00fcsseler B\u00fcrokratie folgt.<br><br>Auf jeden Fall wird die Blase, in der dieser Wahlkampf stattgefunden hat, in K\u00fcrze platzen, denn in<br>den tektonischen Ver\u00e4nderungen, die sich gerade in der Welt abspielen, ist die Halbwertzeit von<br>Blasen extrem kurz. Wenn Merz dem nicht Rechnung tr\u00e4gt, wird keine wie auch immer geartete<br>Koalition von langer Dauer sein.<br><br>Der Ausweg f\u00fcr Deutschland liegt in der Kooperation mit den BRICS-Staaten und damit der<br>Globalen Mehrheit. Es liegt an Merz, einen wirklichen politischen Wechsel vorzunehmen, aber es<br>kann sein, da\u00df ihn die Industrie dazu zwingen mu\u00df.<br><br>Die Bundesb\u00fcrger sollten sich darauf einstellen, da\u00df sie wesentlich aktiver werden m\u00fcssen, wenn<br>Deutschlands Zukunft gesichert werden soll.<\/p>\n\n\n\n<blockquote class=\"wp-block-quote is-layout-flow wp-block-quote-is-layout-flow\">\n<p>Diskutieren Sie mit Helga Zepp-LaRouche \u00fcber die Verwirklichung des Neuen Paradigmas f\u00fcr Frieden und echte wirtschaftliche Entwicklung. Senden Sie Ihre Fragen an <a href=\"mailto:fragen@bueso.de\">fragen@bueso.de<\/a> oder stellen Sie diese im n\u00e4chsten Live-Stream.<\/p>\n<\/blockquote>\n<!-- AddThis Advanced Settings generic via filter on the_content --><!-- AddThis Share Buttons generic via filter on the_content -->","protected":false},"excerpt":{"rendered":"<p>Diskutieren Sie mit Helga Zepp-LaRouche \u00fcber die Verwirklichung des Neuen Paradigmas f\u00fcr Frieden und echte wirtschaftliche Entwicklung. Senden Sie Ihre Fragen an fragen@bueso.de oder stellen Sie diese im n\u00e4chsten Live-Stream. Helga Zepp-LaRouche: Wenn die Wahl-Blase platzt Die Vorsitzende der B\u00fcrgerrechtsbewegung Solidarit\u00e4t (B\u00fcSo) und Gr\u00fcnderin des&hellip;<!-- AddThis Advanced Settings generic via filter on get_the_excerpt --><!-- AddThis Share Buttons generic via filter on get_the_excerpt --><\/p>\n","protected":false},"author":33,"featured_media":107215,"comment_status":"open","ping_status":"closed","sticky":false,"template":"","format":"standard","meta":{"_lmt_disableupdate":"","_lmt_disable":"","footnotes":""},"categories":[37,537,471,462],"tags":[],"class_list":["post-107213","post","type-post","status-publish","format-standard","has-post-thumbnail","hentry","category-allgemein-de","category-hzl-video-de","category-webcast-de","category-webcast-mit-helga-zepp-larouche"],"featured_image_src":"https:\/\/schillerinstitute.com\/wp-content\/uploads\/2025\/02\/webcast-deutsch-26.-Februar.jpg","author_info":{"display_name":"tobi","author_link":"https:\/\/schillerinstitute.com\/de\/blog\/author\/tobi\/"},"modified_by":"tobi","cc_featured_image_caption":{"caption_text":"","source_text":"","source_url":""},"_links":{"self":[{"href":"https:\/\/schillerinstitute.com\/de\/wp-json\/wp\/v2\/posts\/107213","targetHints":{"allow":["GET"]}}],"collection":[{"href":"https:\/\/schillerinstitute.com\/de\/wp-json\/wp\/v2\/posts"}],"about":[{"href":"https:\/\/schillerinstitute.com\/de\/wp-json\/wp\/v2\/types\/post"}],"author":[{"embeddable":true,"href":"https:\/\/schillerinstitute.com\/de\/wp-json\/wp\/v2\/users\/33"}],"replies":[{"embeddable":true,"href":"https:\/\/schillerinstitute.com\/de\/wp-json\/wp\/v2\/comments?post=107213"}],"version-history":[{"count":2,"href":"https:\/\/schillerinstitute.com\/de\/wp-json\/wp\/v2\/posts\/107213\/revisions"}],"predecessor-version":[{"id":107225,"href":"https:\/\/schillerinstitute.com\/de\/wp-json\/wp\/v2\/posts\/107213\/revisions\/107225"}],"wp:featuredmedia":[{"embeddable":true,"href":"https:\/\/schillerinstitute.com\/de\/wp-json\/wp\/v2\/media\/107215"}],"wp:attachment":[{"href":"https:\/\/schillerinstitute.com\/de\/wp-json\/wp\/v2\/media?parent=107213"}],"wp:term":[{"taxonomy":"category","embeddable":true,"href":"https:\/\/schillerinstitute.com\/de\/wp-json\/wp\/v2\/categories?post=107213"},{"taxonomy":"post_tag","embeddable":true,"href":"https:\/\/schillerinstitute.com\/de\/wp-json\/wp\/v2\/tags?post=107213"}],"curies":[{"name":"wp","href":"https:\/\/api.w.org\/{rel}","templated":true}]}}