{"id":106922,"date":"2025-02-12T17:25:59","date_gmt":"2025-02-12T22:25:59","guid":{"rendered":"https:\/\/schillerinstitute.com\/?p=106922"},"modified":"2025-02-20T12:12:09","modified_gmt":"2025-02-20T17:12:09","slug":"internationale-friedenskoalition-89-14-feb-17-00-uhr","status":"publish","type":"post","link":"https:\/\/schillerinstitute.com\/de\/blog\/2025\/02\/12\/internationale-friedenskoalition-89-14-feb-17-00-uhr\/","title":{"rendered":"Internationale Friedenskoalition #89, 14. Feb., 17.00 Uhr"},"content":{"rendered":"\n<h2 class=\"wp-block-heading\">Um den Kreislauf der Gewalt in S\u00fcdwestasien zu durchbrechen, muss eine Zukunft f\u00fcr alle Einwohner geschaffen werden<\/h2>\n\n\n<div class=\"info-box\">\n<h3 class=\"info-box-title\" style=\"\">89. Treffen der Internationalen Friedenskoalition<\/h3>\n<div class=\"info-box-content\" style=\"\">\n<p>Um den Kreislauf der Gewalt in S\u00fcdwestasien zu durchbrechen, muss eine Zukunft f\u00fcr alle Einwohner geschaffen werden<\/p>\n<p>Freitag, 14.Februar 2025<\/p>\n<p>17.00 Uhr (MEZ)<\/p>\n<p>Zu den Rednern an diesem Freitag geh\u00f6ren:<br \/>\nIhre Exzellenz Naledi Pandor, ehemalige Ministerin f\u00fcr internationale Beziehungen und ZusammenarbeitS\u00fcdafrikas, Helga Zepp-LaRouche, Gr\u00dcnderin, Schiller-Institut, Vertreter des Eisenhower Media Network und weitere Redner<\/p>\n<p><a href=\"https:\/\/schillerinstitute.com\/de\/schliessen-sie-sich-der-internationalen-friedenskoalition-an\/\" class=\"custom-button small\" data-newwindow=\"true\">Zur Anmeldung<\/a>\n<\/p>\n<\/div>\n<\/div>\n\n\n\n<p><strong>Bitte mobilisieren Sie Ihre Netzwerke:<\/strong><\/p>\n\n\n\n<p><em><strong>Wir f\u00fchlen uns geehrt, dass Ihre Exzellenz Naledi Pandor, ehemalige Ministerin f\u00fcr Internationale Beziehungen und Zusammenarbeit S\u00fcdafrikas, und weitere noch zu benennende Personen an diesem Freitag an unserem Treffen teilnehmen werden.<\/strong><\/em><\/p>\n\n\n\n<p><strong>Freunde der Internationalen Friedenskoalition,<\/strong><\/p>\n\n\n\n<p>die Ereignisse der letzten sechzehn Monate in Gaza haben ein unvorstellbares Ma\u00df an Grauen und Blutvergie\u00dfen mit sich gebracht. Seit achtzig Jahren hat die Welt keine derart kaltbl\u00fctige Zerst\u00f6rung von Leben mehr erlebt, wie sie die israelische Regierung unter Benjamin Netanjahu dort entfesselt hat \u2013 von S\u00fcdafrika vor dem Internationalen Gerichtshof zu Recht als \u201eV\u00f6lkermord\u201c bezeichnet \u2013 mit voller politischer Unterst\u00fctzung und Waffenlieferungen aus den Vereinigten Staaten. Dies ist umso schmerzhafter, als einige in den USA und Israel die absurde Auffassung vertreten, dass der einzige Weg zu einem dauerhaften Frieden darin besteht, die Bewohner des Gazastreifens dauerhaft von ihrem Land zu vertreiben \u2013 eine Auffassung, die weltweit fast einhellig verurteilt wird.<\/p>\n\n\n\n<p>Jetzt ist es an der Zeit, sich f\u00fcr neue, tiefgreifende L\u00f6sungen f\u00fcr diese Krise einzusetzen. Wie der Nationale Sicherheitsberater der USA, Mike Waltz, zu Trumps Vorschlag einer Umsiedlung aus Gaza sagte, \u201ehat niemand eine realistische L\u00f6sung\u201c au\u00dfer Trump, und f\u00fcgte hinzu, dass andere \u201eihre eigenen L\u00f6sungen finden sollten, wenn ihnen die von Herrn Trump nicht gefallen\u201c. Die Internationale Friedenskoalition greift den Vorschlag von Herrn Waltz auf.<\/p>\n\n\n\n<p>Diesen Freitag, am 14. Februar, veranstaltet die Internationale Friedenskoalition eine Sonderveranstaltung zur Notlage in Gaza und S\u00fcdwestasien insgesamt. Es\u00a0<em>gibt eine\u00a0<\/em>L\u00f6sung, um den Kreislauf der Gewalt zu beenden und eine Zukunft f\u00fcr alle Menschen in der Region zu schaffen \u2013 den LaRouche-Oasenplan, der vorschl\u00e4gt, die Region durch tats\u00e4chliche wirtschaftliche Entwicklung f\u00fcr alle zu ver\u00e4ndern. Dies kann zusammen mit einer notwendigen Zweistaatenl\u00f6sung die Voraussetzungen f\u00fcr langfristigen Frieden in dieser Region schaffen. Eine solche L\u00f6sung in S\u00fcdwestasien w\u00e4re beispielhaft f\u00fcr die Art von neuer Sicherheits- und Entwicklungsarchitektur, f\u00fcr die sich Helga Zepp-LaRouche wiederholt auf globaler Ebene eingesetzt hat, wie sie in ihren\u00a0<u><a href=\"https:\/\/schillerinstitute.com\/de\/blog\/2022\/11\/30\/zehn-prinzipien-fuer-eine-neue-internationale-sicherheits-und-entwicklungsarchitektur\/\" data-type=\"link\" data-id=\"https:\/\/schillerinstitute.com\/de\/blog\/2022\/11\/30\/zehn-prinzipien-fuer-eine-neue-internationale-sicherheits-und-entwicklungsarchitektur\/\">Zehn Prinzipien<\/a><\/u>\u00a0dargelegt ist.<\/p>\n\n\n\n<p>Wie Ihre Exzellenz Naledi Pandor bei einer Konferenz des Schiller-Instituts im Dezember 2024 sagte:<\/p>\n\n\n\n<p><strong><em>\u201eEs ist unsere Pflicht, die im Entwicklungsrahmen des Schiller-Instituts dargelegten Ideen zu \u00fcbernehmen, um wirklich sicherzustellen, dass alle Aspekte des menschlichen Strebens, die den menschlichen Fortschritt vorantreiben, von den Regierungen im S\u00fcden wie auch im Norden angenommen werden. Wir sollten eine neue menschliche Beziehung auf der ganzen Welt f\u00f6rdern, die darauf ausgerichtet ist, alle Menschen zu st\u00e4rken und sicherzustellen, dass wir eine wohlhabendere, engagiertere und kompetentere Menschheit entwickeln, die in der Lage ist, die grundlegenden Probleme anzugehen, mit denen wir alle konfrontiert sind. Denn neben den Problemen verf\u00fcgen wir auch \u00fcber die menschliche F\u00e4higkeit \u2013 den Einfallsreichtum \u2013 zur Probleml\u00f6sung; und wir m\u00fcssen uns zusammenschlie\u00dfen, um diese F\u00e4higkeit zu b\u00fcndeln.\u201c<\/em><\/strong><\/p>\n<!-- AddThis Advanced Settings generic via filter on the_content --><!-- AddThis Share Buttons generic via filter on the_content -->","protected":false},"excerpt":{"rendered":"<p>Um den Kreislauf der Gewalt in S\u00fcdwestasien zu durchbrechen, muss eine Zukunft f\u00fcr alle Einwohner geschaffen werden Bitte mobilisieren Sie Ihre Netzwerke: Wir f\u00fchlen uns geehrt, dass Ihre Exzellenz Naledi Pandor, ehemalige Ministerin f\u00fcr Internationale Beziehungen und Zusammenarbeit S\u00fcdafrikas, und weitere noch zu benennende Personen&hellip;<!-- AddThis Advanced Settings generic via filter on get_the_excerpt --><!-- AddThis Share Buttons generic via filter on get_the_excerpt --><\/p>\n","protected":false},"author":33,"featured_media":106935,"comment_status":"open","ping_status":"closed","sticky":false,"template":"","format":"standard","meta":{"_lmt_disableupdate":"","_lmt_disable":"","footnotes":""},"categories":[37],"tags":[],"class_list":["post-106922","post","type-post","status-publish","format-standard","has-post-thumbnail","hentry","category-allgemein-de"],"featured_image_src":"https:\/\/schillerinstitute.com\/wp-content\/uploads\/2025\/02\/IPC-EInladung-89-deutsch-1.jpg","author_info":{"display_name":"tobi","author_link":"https:\/\/schillerinstitute.com\/de\/blog\/author\/tobi\/"},"modified_by":"tobi","cc_featured_image_caption":{"caption_text":"","source_text":"","source_url":""},"_links":{"self":[{"href":"https:\/\/schillerinstitute.com\/de\/wp-json\/wp\/v2\/posts\/106922","targetHints":{"allow":["GET"]}}],"collection":[{"href":"https:\/\/schillerinstitute.com\/de\/wp-json\/wp\/v2\/posts"}],"about":[{"href":"https:\/\/schillerinstitute.com\/de\/wp-json\/wp\/v2\/types\/post"}],"author":[{"embeddable":true,"href":"https:\/\/schillerinstitute.com\/de\/wp-json\/wp\/v2\/users\/33"}],"replies":[{"embeddable":true,"href":"https:\/\/schillerinstitute.com\/de\/wp-json\/wp\/v2\/comments?post=106922"}],"version-history":[{"count":6,"href":"https:\/\/schillerinstitute.com\/de\/wp-json\/wp\/v2\/posts\/106922\/revisions"}],"predecessor-version":[{"id":106948,"href":"https:\/\/schillerinstitute.com\/de\/wp-json\/wp\/v2\/posts\/106922\/revisions\/106948"}],"wp:featuredmedia":[{"embeddable":true,"href":"https:\/\/schillerinstitute.com\/de\/wp-json\/wp\/v2\/media\/106935"}],"wp:attachment":[{"href":"https:\/\/schillerinstitute.com\/de\/wp-json\/wp\/v2\/media?parent=106922"}],"wp:term":[{"taxonomy":"category","embeddable":true,"href":"https:\/\/schillerinstitute.com\/de\/wp-json\/wp\/v2\/categories?post=106922"},{"taxonomy":"post_tag","embeddable":true,"href":"https:\/\/schillerinstitute.com\/de\/wp-json\/wp\/v2\/tags?post=106922"}],"curies":[{"name":"wp","href":"https:\/\/api.w.org\/{rel}","templated":true}]}}