{"id":106275,"date":"2025-01-02T14:00:39","date_gmt":"2025-01-02T19:00:39","guid":{"rendered":"https:\/\/schillerinstitute.com\/?p=106275"},"modified":"2025-01-02T14:00:42","modified_gmt":"2025-01-02T19:00:42","slug":"treffen-der-internationalen-friedenskoalition-freitag-3-januar-2025","status":"publish","type":"post","link":"https:\/\/schillerinstitute.com\/de\/blog\/2025\/01\/02\/treffen-der-internationalen-friedenskoalition-freitag-3-januar-2025\/","title":{"rendered":"Treffen der Internationalen Friedenskoalition, Freitag 3. Januar 2025"},"content":{"rendered":"\n<p><strong>Jubeljahr 2025: Unser Kampf gegen verabscheuungsw\u00fcrdige Schulden<\/strong><\/p>\n\n\n<div class=\"info-box\">\n<h3 class=\"info-box-title\" style=\"\">83. Treffen der Internationalen Friedenskoalition<\/h3>\n<div class=\"info-box-content\" style=\"\">\n<p>Freitag, 3. Januar 2025<\/p>\n<p>17.00 Uhr (MEZ)<\/p>\n<p>Beteiligen Sie sich an der Internationalen Friedenskoalition am Freitag um 17 Uhr MEZ. Es werden unter anderem Dr. Nidal Jboor (Mitbegr\u00fcnder der \u201e\u00c4rzte gegen V\u00f6lkermord\u201c), Josephine Guilbeau (Direktorin f\u00fcr Kommunikation, Eisenhower Media Network,Fernando Garzon (Ecuadorianische Pal\u00e4stinensische Union, ehemaliger Regierungsberater) sowie weitere Vertreter aus dem medizinischen Bereich sprechen. <\/p>\n<p><a href=\"https:\/\/schillerinstitute.com\/de\/schliessen-sie-sich-der-internationalen-friedenskoalition-an\/\" class=\"custom-button small\" data-newwindow=\"true\">Zur Anmeldung<\/a>\n<\/p>\n<\/div>\n<\/div>\n\n\n\n<p><em>31. Dezember 2024 (ERINS) \u2013 Das Schiller-Institut ver\u00f6ffentlichte die folgende Erkl\u00e4rung, in der es dazu aufruft, das \u201eHeilige Jahr\u201c 2025 zu einem echten \u201eAbla\u00dfjahr\u201c zu machen.<\/em><\/p>\n\n\n\n<p>Am Weihnachtsabend 2024 er\u00f6ffnete Papst Franziskus offiziell das Heilige Jahr 2025 und rief dazu auf, das kommende Jahr zu einem \u201eJubil\u00e4umsjahr der Hoffnung\u201c zu machen. Dieses Konzept des Heiligen Jahres ist traditionell in verschiedenen Religionen bekannt als ein Zeitpunkt, an dem Sklaven befreit und Schulden erlassen wurden.<\/p>\n\n\n\n<p>Der Papst hat das richtige Thema zur richtigen Zeit angesprochen, und zwar nicht nur f\u00fcr Katholiken, sondern f\u00fcr alle Menschen guten Willens.<\/p>\n\n\n\n<p>Zu Beginn des Jahres 2025 wird die Welt von sich ausbreitenden Kriegen heimgesucht, die zu einer nuklearen Konfrontation zwischen Superm\u00e4chten zu eskalieren drohen, die niemand \u00fcberleben w\u00fcrde. Wir sind auch Zeugen des V\u00f6lkermords in Gaza, der nicht nur Hunderttausende unschuldiger Pal\u00e4stinenser t\u00f6tet, sondern auch unsere Menschlichkeit, da wir scheinbar unf\u00e4hig sind, unsere Regierungen von ihrer Passivit\u00e4t und oft auch Mitt\u00e4terschaft bei Verbrechen gegen die Menschlichkeit abzuhalten, obwohl wir einst geschworen hatten, dass sie \u201eniemals wieder\u201c geschehen w\u00fcrden.<\/p>\n\n\n\n<p>Und wir stehen am Rande des Abgrunds eines t\u00f6dlichen Zusammenbruchs des gesamten transatlantischen Finanzsystems mit seiner spekulativen Blase von \u00fcber 2 Billiarden Dollar an Schulden und Derivaten, die illegitim und verbscheuungsw\u00fcrdig sind. Das westliche Establishment will dieses bankrotte System, das die Menschheit in einen Atomkrieg treibt und zu immer mehr V\u00f6lkermord f\u00fchrt, um jeden Preis aufrechterhalten.<\/p>\n\n\n\n<p>Dieses Finanzsystem muss in diesem Jubil\u00e4umsjahr 2025 einer Insolvenzsanierung unterzogen werden, bei der alle Teile der 2 Billiarden Dollar schweren Spekulationsblase abgeschrieben werden, die ,illegitim und verabscheuensw\u00fcrdig\u2018 sind. Das sind sowohl moralische als auch rechtliche Begriffe, die nach internationalem Recht Bestand haben, wie der Fall Ecuador im Jahr 2008 bewiesen hat. Die Welt muss jetzt das tun, was das kleine Land Ecuador damals getan hat.<\/p>\n\n\n\n<p>In der katholischen Kirche findet alle 25 Jahre ein ,Heiliges Jahr\u2018 statt. Das letzte wurde im Jahr 2000 von Papst Johannes Paul II. ausgerufen. Ermuntert durch diesen Aufruf zur Gerechtigkeit begannen zivilgesellschaftliche Kr\u00e4fte in vielen L\u00e4ndern, darunter auch in Ecuador, die G\u00fcltigkeit der Schulden, die den Entwicklungsl\u00e4ndern auferlegt worden waren, zu untersuchen und in Frage zu stellen. Im Juli 2007 berief die ecuadorianische Regierung eine Kommission f\u00fcr die vollst\u00e4ndige Pr\u00fcfung \u00f6ffentlicher Kredite (CAIC) ein. Diese stellte in einer umfassenden 18-monatigen Studie feststellte, dass die kommerzielle Auslandsverschuldung Ecuadors zwischen 1976 und 2006 als illegitimer und illegaler Pl\u00fcnderungsmechanismus fungiert hatte, der von 16 Millionen US-Dollar im Jahr 1976 auf 4,2 Milliarden US-Dollar im Jahr 2006 gestiegen war. Und dies, obwohl in diesem Zeitraum von 30 Jahren ein Nettotransfer von 7,1 Milliarden US-Dollar an Zinsen und Tilgungszahlungen an die Gl\u00e4ubiger erfolgte. Das nennt man&nbsp;<a href=\"https:\/\/larouchepub.com\/eiw\/public\/2008\/eirv35n50-20081226\/eirv35n50-20081226_044-ecuador_declares_partial_debt_mo.pdf?ref=eirna.de\" target=\"_blank\" rel=\"noreferrer noopener\">\u201eBanker-Arithmetik\u201c:<\/a>&nbsp;16 $ \u20137.100 $ = 4.200 $.<\/p>\n\n\n\n<p>Auf der Grundlage dieser Studie k\u00fcndigte die Regierung Ecuadors 2008 ein einseitiges Schuldenmoratorium an und verordnete ihren Anleihegl\u00e4ubigern einen \u201eSchuldenschntt\u201c von 70\u201380 Prozent. Wall Street und die City of London schrien und tobten, aber Moral und Rechtm\u00e4\u00dfigkeit waren auf Ecuadors Seite.<\/p>\n\n\n\n<p>\u201eOdious debt\u201c (illegitime, verabscheuungsw\u00fcrdige Schulden) ist ein juristischer Fachbegriff, der 1927 von dem russisch-amerikanischen Juristen Alexander Nahun Sack gepr\u00e4gt wurde, der seine Erkenntnisse auf zwei Fallstudien st\u00fctzte. Dies waren zum einen die Schulden, die Mexiko Mitte des 19. Jahrhunderts durch die Invasion und Besetzung des Landes durch den Habsburger Kaiser Maximilian auferlegt wurden. Die Bezahlung dieser Schulden wurde von Mexikos gr\u00f6\u00dftem Pr\u00e4sidenten Benito Ju\u00e1rez mit Hilfe von Abraham Lincoln verweigert. Der zweite Fall war Kuba. Anfang des 20. Jahrhunderts errang es seine Unabh\u00e4ngigkeit von Spanien und den Schulden, die Spanien seiner Inselkolonie auferlegt hatte. Sack schrieb in seinem Les Effets des transformations des \u00c9tats sur leurs dettes publiques et autres obligations financi\u00e8res: Trait\u00e9 juridique et financier, Recueil Sirey, 1927:<\/p>\n\n\n\n<p>\u201eDer Grund, warum diese illegitimen Schulden nicht dem Staat \u00fcberlassen werden k\u00f6nnen, ist, dass solche Schulden eine der Bedingungen nicht erf\u00fcllen, die die Rechtm\u00e4\u00dfigkeit von Staatsschulden bestimmen, n\u00e4mlich: Staatsschulden m\u00fcssen f\u00fcr die Bed\u00fcrfnisse und im Interesse des Staates aufgenommen und gezahlt werden. Illegitime Schulden, die f\u00fcr Zwecke aufgenommen und verwendet werden, die nach Kenntnis der Gl\u00e4ubiger den Interessen der Nation zuwiderlaufen, verpflichten letztere nicht.\u201c<\/p>\n\n\n\n<p>Internationale Institutionen wie die UNCTAD haben in der Folge Studien ver\u00f6ffentlicht, in denen die G\u00fcltigkeit von Sacks Argument anerkannt wird, wie z. B. der Aufsatz \u201eThe Concept of Odious Debt in Public International Law\u201c von Prof. Robert Howse, Professor f\u00fcr Recht an der University of Michigan Law School, vom Juli 2007.<\/p>\n\n\n\n<p>Der renommierte amerikanische \u00d6konom und Staatsmann Lyndon LaRouche f\u00fchrte dieses Konzept \u2013 die Forderung, dass Schulden dem Allgemeinwohl dienen m\u00fcssen \u2013 auf die Begr\u00fcnder des amerikanischen Wirtschaftssystems zur\u00fcck. In einer Rede im Januar 2011 erkl\u00e4rte LaRouche:<\/p>\n\n\n\n<p>\u201eEine ehrliche Schuld gegen\u00fcber der Zukunft kann nur durch die ehrliche Schaffung eines entsprechenden physischen Wohlstands in der Zukunft beglichen werden, wozu auch die Entwicklung der sch\u00f6pferischen Kr\u00e4fte jedes B\u00fcrgers, jedes Kindes und jedes Jugendlichen geh\u00f6rt.<\/p>\n\n\n\n<p>Die durch ein Kreditsystem entstandenen Schulden werden durch die Produktivit\u00e4t der zuk\u00fcnftigen Produktion zur\u00fcckgezahlt; dies haben bereits die Winthrops und Mathers der Kolonie Massachusetts verstanden. Solche Schulden erfordern, dass die Regierung ihre Anh\u00e4ufung auf den effizienten Teil ihrer Verpflichtung zur F\u00f6rderung der Produktion beschr\u00e4nkt. Rechtlich gesehen k\u00f6nnen sie nur auf der Grundlage einer erh\u00f6hten Schaffung von physischem Reichtum und eines Wachstums der physischen Produktivit\u00e4t der Nation aufgenommen werden. Schulden, die aufgrund von Finanzspekulationen gemacht werden, sind in den Augen einer Regierung nicht legitim.<\/p>\n\n\n\n<p>So l\u00e4sst sich Hamiltons gro\u00dfartiges Prinzip, das in der Absicht der Pr\u00e4ambel unserer Verfassung impliziert ist, in einfachen Worten beschreiben.<\/p>\n\n\n\n<p>Schulden sind dann gut, wenn sie in guter Absicht geschaffen werden, wie im Fall eines Kreditsystems, das auf der Verpflichtung beruht, die Nettowertsch\u00f6pfung pro Person und pro Quadratkilometer des Staatsgebiets zu erh\u00f6hen.\u201c<\/p>\n\n\n\n<p>Dieser Ansatz \u2013 der auch dem Westf\u00e4lischen Frieden von 1648 zugrunde lag, einschlie\u00dflich seiner Bestimmungen f\u00fcr Schuldenmoratorien \u2013 muss in diesem Jubil\u00e4umsjahr nun weltweit angewendet werden, um die Welt ein f\u00fcr alle Mal von der Plage des Wuchers zu befreien und damit auch die Gefahr von Krieg und V\u00f6lkermord zu bannen. Das schafft die Voraussetzungen f\u00fcr ein neues Paradigma, das auf einer neuen internationalen Sicherheits- und Entwicklungsarchitektur basiert, in der guter Kredit f\u00fcr den guten Zweck der globaler wirtschaftlicher Entwicklung geschaffen werden kann.<\/p>\n\n\n<div class=\"info-box\">\n<h3 class=\"info-box-title\" style=\"\">83. Treffen der Internationalen Friedenskoalition<\/h3>\n<div class=\"info-box-content\" style=\"\">\n<p>Freitag, 3. Januar 2025<\/p>\n<p>17.00 Uhr (MEZ)<\/p>\n<p>Beteiligen Sie sich an der Internationalen Friedenskoalition am Freitag um 17 Uhr MEZ. Es werden unter anderem Dr. Nidal Jboor (Mitbegr\u00fcnder der \u201e\u00c4rzte gegen V\u00f6lkermord\u201c), Josephine Guilbeau (Direktorin f\u00fcr Kommunikation, Eisenhower Media Network,Fernando Garzon (Ecuadorianische Pal\u00e4stinensische Union, ehemaliger Regierungsberater) sowie weitere Vertreter aus dem medizinischen Bereich sprechen. <\/p>\n<p><a href=\"https:\/\/schillerinstitute.com\/de\/schliessen-sie-sich-der-internationalen-friedenskoalition-an\/\" class=\"custom-button small\" data-newwindow=\"true\">Zur Anmeldung<\/a>\n<\/p>\n<\/div>\n<\/div>\n<!-- AddThis Advanced Settings generic via filter on the_content --><!-- AddThis Share Buttons generic via filter on the_content -->","protected":false},"excerpt":{"rendered":"<p>Jubeljahr 2025: Unser Kampf gegen verabscheuungsw\u00fcrdige Schulden 31. Dezember 2024 (ERINS) \u2013 Das Schiller-Institut ver\u00f6ffentlichte die folgende Erkl\u00e4rung, in der es dazu aufruft, das \u201eHeilige Jahr\u201c 2025 zu einem echten \u201eAbla\u00dfjahr\u201c zu machen. Am Weihnachtsabend 2024 er\u00f6ffnete Papst Franziskus offiziell das Heilige Jahr 2025 und&hellip;<!-- AddThis Advanced Settings generic via filter on get_the_excerpt --><!-- AddThis Share Buttons generic via filter on get_the_excerpt --><\/p>\n","protected":false},"author":34,"featured_media":93575,"comment_status":"open","ping_status":"closed","sticky":false,"template":"","format":"standard","meta":{"_lmt_disableupdate":"","_lmt_disable":"","footnotes":""},"categories":[37],"tags":[],"class_list":["post-106275","post","type-post","status-publish","format-standard","has-post-thumbnail","hentry","category-allgemein-de"],"featured_image_src":"https:\/\/schillerinstitute.com\/wp-content\/uploads\/2022\/12\/Peace_dove_3329620077-e1671128215138.jpg","author_info":{"display_name":"madeleine","author_link":"https:\/\/schillerinstitute.com\/de\/blog\/author\/madeleine\/"},"modified_by":"madeleine","cc_featured_image_caption":{"caption_text":"","source_text":"","source_url":""},"_links":{"self":[{"href":"https:\/\/schillerinstitute.com\/de\/wp-json\/wp\/v2\/posts\/106275","targetHints":{"allow":["GET"]}}],"collection":[{"href":"https:\/\/schillerinstitute.com\/de\/wp-json\/wp\/v2\/posts"}],"about":[{"href":"https:\/\/schillerinstitute.com\/de\/wp-json\/wp\/v2\/types\/post"}],"author":[{"embeddable":true,"href":"https:\/\/schillerinstitute.com\/de\/wp-json\/wp\/v2\/users\/34"}],"replies":[{"embeddable":true,"href":"https:\/\/schillerinstitute.com\/de\/wp-json\/wp\/v2\/comments?post=106275"}],"version-history":[{"count":2,"href":"https:\/\/schillerinstitute.com\/de\/wp-json\/wp\/v2\/posts\/106275\/revisions"}],"predecessor-version":[{"id":106277,"href":"https:\/\/schillerinstitute.com\/de\/wp-json\/wp\/v2\/posts\/106275\/revisions\/106277"}],"wp:featuredmedia":[{"embeddable":true,"href":"https:\/\/schillerinstitute.com\/de\/wp-json\/wp\/v2\/media\/93575"}],"wp:attachment":[{"href":"https:\/\/schillerinstitute.com\/de\/wp-json\/wp\/v2\/media?parent=106275"}],"wp:term":[{"taxonomy":"category","embeddable":true,"href":"https:\/\/schillerinstitute.com\/de\/wp-json\/wp\/v2\/categories?post=106275"},{"taxonomy":"post_tag","embeddable":true,"href":"https:\/\/schillerinstitute.com\/de\/wp-json\/wp\/v2\/tags?post=106275"}],"curies":[{"name":"wp","href":"https:\/\/api.w.org\/{rel}","templated":true}]}}