{"id":106227,"date":"2024-12-29T13:13:17","date_gmt":"2024-12-29T18:13:17","guid":{"rendered":"https:\/\/schillerinstitute.com\/?p=106227"},"modified":"2024-12-29T13:13:20","modified_gmt":"2024-12-29T18:13:20","slug":"helga-zepp-larouche-zur-global-times-wir-befinden-uns-in-der-gefaehrlichsten-periode-der-geschichte-ueberhaupt","status":"publish","type":"post","link":"https:\/\/schillerinstitute.com\/de\/blog\/2024\/12\/29\/helga-zepp-larouche-zur-global-times-wir-befinden-uns-in-der-gefaehrlichsten-periode-der-geschichte-ueberhaupt\/","title":{"rendered":"Helga Zepp-LaRouche zur Global Times: \u201eWir befinden uns in der gef\u00e4hrlichsten Periode der Geschichte \u00fcberhaupt\u201c"},"content":{"rendered":"\n<p>28. Dezember (EIRNS) \u2013 Am 26. Dezember ver\u00f6ffentlichte die chinesische Tageszeitung Global Times einen Artikel der Gr\u00fcnderin des Schiller-Instituts Helga Zepp-LaRouche mit dem Titel <strong><a href=\"https:\/\/www.globaltimes.cn\/page\/202412\/1325817.shtml\" data-type=\"link\" data-id=\"https:\/\/www.globaltimes.cn\/page\/202412\/1325817.shtml\">\u201eIm zweiten Jahrzehnt des Wachstums bietet die BRI Chancen f\u00fcr alle Nationen\u201c<\/a><\/strong>. Der Artikel wurde von der Redaktion auf der Grundlage eines k\u00fcrzlich gef\u00fchrten Exklusivinterviews der Global Times mit Zepp-LaRouche zusammengestellt.<\/p>\n\n\n\n<ol start=\"28\" class=\"wp-block-list\"><\/ol>\n\n\n\n<p>Zepp-LaRouche beschreibt, wie Chinas innovationsgetriebene Wirtschaftspolitik in der gerade abgeschlossenen ersten Dekade der Belt and Road Initiative (BRI) in vielen L\u00e4ndern des globalen S\u00fcdens eine \u00c4ra der hochwertigen Entwicklung gef\u00f6rdert hat.<\/p>\n\n\n\n<p>Sie warnt jedoch: \u201eWir leben derzeit in der gef\u00e4hrlichsten Zeit der Geschichte, weil einige Kr\u00e4fte im Westen nicht akzeptieren k\u00f6nnen, dass die unipolare Welt bereits durch eine multipolare Ordnung ersetzt wurde.<\/p>\n\n\n\n<p>In jedem Fall ist die von China vorgeschlagene Initiative, die letztlich auf den Aufbau einer Gemeinschaft mit einer gemeinsamen Zukunft f\u00fcr die Menschheit abzielt, eine der globalen Kooperationsplattformen, die auf dem Tisch liegen, um die geopolitische Kluft in der Welt zu \u00fcberbr\u00fccken. Sie ist auch ein nat\u00fcrlicher und notwendiger Weg, um die Infrastrukturentwicklung als Voraussetzung f\u00fcr die Industrialisierung in alle Winkel der Welt zu bringen.\u201c<\/p>\n<!-- AddThis Advanced Settings generic via filter on the_content --><!-- AddThis Share Buttons generic via filter on the_content -->","protected":false},"excerpt":{"rendered":"<p>28. Dezember (EIRNS) \u2013 Am 26. Dezember ver\u00f6ffentlichte die chinesische Tageszeitung Global Times einen Artikel der Gr\u00fcnderin des Schiller-Instituts Helga Zepp-LaRouche mit dem Titel \u201eIm zweiten Jahrzehnt des Wachstums bietet die BRI Chancen f\u00fcr alle Nationen\u201c. Der Artikel wurde von der Redaktion auf der Grundlage&hellip;<!-- AddThis Advanced Settings generic via filter on get_the_excerpt --><!-- AddThis Share Buttons generic via filter on get_the_excerpt --><\/p>\n","protected":false},"author":34,"featured_media":106220,"comment_status":"open","ping_status":"closed","sticky":false,"template":"","format":"standard","meta":{"_lmt_disableupdate":"","_lmt_disable":"","footnotes":""},"categories":[539],"tags":[],"class_list":["post-106227","post","type-post","status-publish","format-standard","has-post-thumbnail","hentry","category-hzl-coverage-de"],"featured_image_src":"https:\/\/schillerinstitute.com\/wp-content\/uploads\/2024\/12\/hzl-china-article.jpg","author_info":{"display_name":"madeleine","author_link":"https:\/\/schillerinstitute.com\/de\/blog\/author\/madeleine\/"},"modified_by":"madeleine","cc_featured_image_caption":{"caption_text":"","source_text":"","source_url":""},"_links":{"self":[{"href":"https:\/\/schillerinstitute.com\/de\/wp-json\/wp\/v2\/posts\/106227","targetHints":{"allow":["GET"]}}],"collection":[{"href":"https:\/\/schillerinstitute.com\/de\/wp-json\/wp\/v2\/posts"}],"about":[{"href":"https:\/\/schillerinstitute.com\/de\/wp-json\/wp\/v2\/types\/post"}],"author":[{"embeddable":true,"href":"https:\/\/schillerinstitute.com\/de\/wp-json\/wp\/v2\/users\/34"}],"replies":[{"embeddable":true,"href":"https:\/\/schillerinstitute.com\/de\/wp-json\/wp\/v2\/comments?post=106227"}],"version-history":[{"count":1,"href":"https:\/\/schillerinstitute.com\/de\/wp-json\/wp\/v2\/posts\/106227\/revisions"}],"predecessor-version":[{"id":106228,"href":"https:\/\/schillerinstitute.com\/de\/wp-json\/wp\/v2\/posts\/106227\/revisions\/106228"}],"wp:featuredmedia":[{"embeddable":true,"href":"https:\/\/schillerinstitute.com\/de\/wp-json\/wp\/v2\/media\/106220"}],"wp:attachment":[{"href":"https:\/\/schillerinstitute.com\/de\/wp-json\/wp\/v2\/media?parent=106227"}],"wp:term":[{"taxonomy":"category","embeddable":true,"href":"https:\/\/schillerinstitute.com\/de\/wp-json\/wp\/v2\/categories?post=106227"},{"taxonomy":"post_tag","embeddable":true,"href":"https:\/\/schillerinstitute.com\/de\/wp-json\/wp\/v2\/tags?post=106227"}],"curies":[{"name":"wp","href":"https:\/\/api.w.org\/{rel}","templated":true}]}}