{"id":105014,"date":"2024-10-17T15:55:05","date_gmt":"2024-10-17T19:55:05","guid":{"rendered":"https:\/\/schillerinstitute.com\/?p=105014"},"modified":"2024-10-17T15:55:08","modified_gmt":"2024-10-17T19:55:08","slug":"wo-sind-die-mutigen-fuehrungspersoenlichkeiten-greifen-sie-mit-schoenheit-in-die-geschichte-ein","status":"publish","type":"post","link":"https:\/\/schillerinstitute.com\/de\/blog\/2024\/10\/17\/wo-sind-die-mutigen-fuehrungspersoenlichkeiten-greifen-sie-mit-schoenheit-in-die-geschichte-ein\/","title":{"rendered":"Wo sind die mutigen F\u00fchrungspers\u00f6nlichkeiten? Greifen Sie mit Sch\u00f6nheit in die Geschichte ein"},"content":{"rendered":"<div class=\"info-box\">\n<h3 class=\"info-box-title\" style=\"\">72. Treffen der Internationalen Friedenskoalition<\/h3>\n<div class=\"info-box-content\" style=\"\">\n<p>Freitag, 18. Oktober 2024<\/p>\n<p>17.00 Uhr (MESZ)<\/p>\n<p>Graham Fuller, ehemaliger US-Diplomat, CIA-Beamter und Islamwissenschaftler, Mossi Raz, ehemaliges Mitglied der Knesset, ehemaliger Generaldirektor von Peace Now und ehemaliger Fallschirmj\u00e4ger der IDF, und andere werden sich der Diskussion anschlie\u00dfen. <\/p>\n<p><a href=\"https:\/\/schillerinstitute.com\/de\/schliessen-sie-sich-der-internationalen-friedenskoalition-an\/\" class=\"custom-button small\" data-newwindow=\"true\">Zur Anmeldung<\/a>\n<\/p>\n<\/div>\n<\/div>\n\n\n\n<p>W\u00e4hrend der US-Kongress in seinen Wahlkreisen Wahlkampf betreibt und die Medien die Menschen im Vorfeld der US-Wahlen am 5. November mit emotionsgeladenen Nachrichten bombardieren, l\u00e4uft die Welt auf einer ganz anderen Zeitachse. S\u00fcdwestasien steht kurz vor der Explosion, da Israel seine barbarischen Aktionen auf Gaza, das Westjordanland und den Libanon ausweitet und mit einem umfassenden Angriff auf den Iran droht. Der iranische Pr\u00e4sident und der Au\u00dfenminister sind in diplomatische Aktivit\u00e4ten verwickelt, um dies zu verhindern. Pr\u00e4sident Peseschkian sprach mit dem franz\u00f6sischen Pr\u00e4sidenten Macron, und der iranische Au\u00dfenminister Araghchi reiste in den Irak, nachdem er in etwas mehr als einer Woche Beirut, Damaskus, Riad und Doha besucht hatte.<\/p>\n\n\n\n<p>Dennoch droht Israel nach dem Angriff des Iran Anfang des Monats weiterhin mit Vergeltung und droht damit, die gesamte Region in Flammen aufgehen zu lassen. Ein Konflikt zwischen Israel, einer geheimen Atommacht mit voller Unterst\u00fctzung der USA, und dem Iran, der k\u00fcrzlich seine Verteidigungs Beziehungen zu Russland ausgebaut hat und angeblich in der Lage ist, die Produktion einer einfachen Atombombe innerhalb weniger Tage zu einzurichten, zeigt, wie leicht dies zu einem globalen Atomkonflikt werden k\u00f6nnte.<\/p>\n\n\n\n<p>Die Vorstellung, dass der \u201eliberale\u201c und \u201edemokratische\u201c Westen in Zukunft auch nur eine bescheidene Glaubw\u00fcrdigkeit haben wird, hat sich im Wesentlichen zerschlagen, da nun Berichte eingehen, dass Israel eine vollst\u00e4ndige \u201eKapitulation oder Hungerkampagne\u201c f\u00fcr den n\u00f6rdlichen Teil des Gazastreifens \u2013 Heimat von etwa 300.000 Menschen \u2013 anstrebt. Hinzu kommen die zunehmenden Berichte \u00fcber Scharfsch\u00fctzen Geschosse, die in pal\u00e4stinensischen Kindern gefunden wurden, und der j\u00fcngste Angriff auf das Al-Aqsa-Krankenhaus in Gaza, bei dem Patienten bei lebendigem Leib verbrannten. W\u00e4hrenddessen stehen die USA weiterhin \u201ean der Seite Israels\u201c und haben nun angek\u00fcndigt, ein fortschrittliches THAAD-Raketenabwehrsystem \u2013 zusammen mit amerikanischen Truppen \u2013 nach Israel zu schicken. Diese Situation erreicht einen absoluten Bruchpunkt und darf so nicht weitergehen.<\/p>\n\n\n\n<p>In der Ukraine sieht es nicht besser aus. Obwohl es Anzeichen daf\u00fcr gibt, dass auf einen Politikwechsel hin gearbeitet wird, da immer mehr zugeben, dass ein Sieg der Ukraine \u00fcber Russland unm\u00f6glich ist, gibt es keinerlei Anzeichen daf\u00fcr, dass sich die Gesamtstrategie des Westens, die strategische Niederlage Russlands anzustreben, ge\u00e4ndert hat. Pr\u00e4sident Biden wird nun im Laufe dieser Woche nach Deutschland reisen, wobei abzuwarten bleibt, ob er mehr als nur Plattit\u00fcden und sein Mitgef\u00fchl f\u00fcr die Ukraine verlauten lassen wird. Nach der Abreise des russischen Botschafters in den USA in der vergangenen Woche gibt es nun keine Kommunikation mehr zwischen den beiden Superm\u00e4chten \u2013 eine absolut katastrophale Situation angesichts der Tatsache, dass sich die USA praktisch im Krieg mit Russland befinden.<\/p>\n\n\n\n<p>Die Welt steht jetzt am gef\u00e4hrlichsten Moment in der bekannten Geschichte. Gleichzeitig steht sie am gr\u00f6\u00dften Moment des Wandels und des Potenzials, da die \u201eOrdnung\u201c der Nachkriegszeit um uns herum zusammenbricht.<\/p>\n\n\n\n<p>\u201e,Aber f\u00fcr wen soll ich denn stimmen?\u2018, will der sture Dummkopf wissen. \u201aDu musst dich doch f\u00fcr einen entscheiden!\u2018 Tats\u00e4chlich garantiert die Aufrechterhaltung dieser T\u00e4uschung, die durch den Wahlpragmatismus der Amerikaner veranschaulicht wird, nur, dass der Moment f\u00fcr echte, wirkliche Ver\u00e4nderungen verpasst wird. Die eigentliche Frage lautet: \u201eWas verlangt die Geschichte von mir?\u201c<\/p>\n\n\n\n<p>Sich dieser Frage ehrlich zu n\u00e4hern, ist der erste Schritt zur L\u00f6sung der heutigen Krise. Nach der Betrachtung dieser ersten Frage taucht jedoch schnell eine zweite auf: \u201eWie ist es um die Welt bestellt, wenn ein kleiner Fehler zum Aussterben der Menschheit f\u00fchren k\u00f6nnte \u2013 und was muss getan werden, um das zu \u00e4ndern?\u201c So unpraktisch es auch f\u00fcr diejenigen erscheinen mag, die an die Routinen des Nachrichtenzyklus gew\u00f6hnt sind, die wichtigste Entscheidung, die Sie treffen werden, ist nicht, wen Sie w\u00e4hlen, sondern welche Art von Ver\u00e4nderung Sie umsetzen wollen.<\/p>\n\n\n\n<p>Diese Frage wurde in einem Artikel der Redaktion der halb offiziellen chinesischen Global Times Sunday aufgegriffen, als Reaktion auf den Aufruf des Generaldirektors der Abteilung f\u00fcr R\u00fcstungskontrolle des chinesischen Au\u00dfenministeriums, Sun Xiaobo. Wir m\u00fcssen \u201eeine Welt frei von Atomwaffen\u201c schaffen, sagte Sun am Donnerstag vor einem UN-Ausschuss f\u00fcr Abr\u00fcstung und internationale Sicherheit. Die Global Times f\u00fchrt dies weiter aus: \u201eDie internationale Ordnung nach dem Zweiten Weltkrieg, einschlie\u00dflich der nuklearen Abschreckungsstrategie des Kalten Krieges, hat die grundlegenden Fragen im Zusammenhang mit Atomwaffen nicht angemessen behandelt. Das Konzept der gegenseitig zugesicherten Zerst\u00f6rung mag zwar direkte Konflikte zwischen Atomm\u00e4chten verhindert haben, aber es hat die Welt in einem st\u00e4ndigen Schatten der nuklearen Bedrohung leben lassen\u2026 Wir brauchen ein nuanciertes Verst\u00e4ndnis der globalen Sicherheits Dynamik, das \u00fcber vereinfachende \u201eWir gegen sie\u201c-Erz\u00e4hlungen hinausgeht\u2026 Wir brauchen einen Paradigmenwechsel in der Herangehensweise an die globale Sicherheit, eine Herangehensweise, die anerkennt, dass in einer vernetzten Welt die Sicherheit einer Nation untrennbar mit der Sicherheit aller verbunden ist.\u201c<\/p>\n\n\n\n<p>Mit anderen Worten: eine <a href=\"https:\/\/schillerinstitute.com\/de\/blog\/2022\/11\/30\/zehn-prinzipien-fuer-eine-neue-internationale-sicherheits-und-entwicklungsarchitektur\/?ref=eirna.de\" target=\"_blank\" rel=\"noreferrer noopener\">neue Sicherheits- und Entwicklungsarchitektur<\/a>, wie sie Helga Zepp-LaRouche seit dem Fr\u00fchjahr 2022 fordert. Nur ein solches neues System kann zu diesem sp\u00e4ten Zeitpunkt eine Chance haben, das \u00dcberleben der Menschheit zu garantieren. Dies, und nichts weniger, ist die Frage, die heute die Geschichte bestimmt.<\/p>\n\n\n\n<p>Nehmen Sie an dieser wichtigen Diskussion am Freitag um 17.00 Uhr MEZ mit der International Peace Coalition teil. Mit dabei sind Graham Fuller, ehemaliger US-Diplomat, CIA-Beamter und Islamwissenschaftler, Mossi Raz, ehemaliges Mitglied der Knesset, ehemaliger Generaldirektor von Peace Now und ehemaliger Fallschirmj\u00e4ger der IDF, und andere.<\/p>\n\n\n<div class=\"info-box\">\n<h3 class=\"info-box-title\" style=\"\">72. Treffen der Internationalen Friedenskoalition<\/h3>\n<div class=\"info-box-content\" style=\"\">\n<p>Freitag, 18. Oktober 2024<\/p>\n<p>17.00 Uhr (MESZ)<\/p>\n<p>Graham Fuller, ehemaliger US-Diplomat, CIA-Beamter und Islamwissenschaftler, Mossi Raz, ehemaliges Mitglied der Knesset, ehemaliger Generaldirektor von Peace Now und ehemaliger Fallschirmj\u00e4ger der IDF, und andere werden sich der Diskussion anschlie\u00dfen. <\/p>\n<p><a href=\"https:\/\/schillerinstitute.com\/de\/schliessen-sie-sich-der-internationalen-friedenskoalition-an\/\" class=\"custom-button small\" data-newwindow=\"true\">Zur Anmeldung<\/a>\n<\/p>\n<\/div>\n<\/div>\n<!-- AddThis Advanced Settings generic via filter on the_content --><!-- AddThis Share Buttons generic via filter on the_content -->","protected":false},"excerpt":{"rendered":"<p>W\u00e4hrend der US-Kongress in seinen Wahlkreisen Wahlkampf betreibt und die Medien die Menschen im Vorfeld der US-Wahlen am 5. November mit emotionsgeladenen Nachrichten bombardieren, l\u00e4uft die Welt auf einer ganz anderen Zeitachse. S\u00fcdwestasien steht kurz vor der Explosion, da Israel seine barbarischen Aktionen auf Gaza,&hellip;<!-- AddThis Advanced Settings generic via filter on get_the_excerpt --><!-- AddThis Share Buttons generic via filter on get_the_excerpt --><\/p>\n","protected":false},"author":34,"featured_media":105017,"comment_status":"open","ping_status":"closed","sticky":false,"template":"","format":"standard","meta":{"_lmt_disableupdate":"","_lmt_disable":"","footnotes":""},"categories":[37],"tags":[],"class_list":["post-105014","post","type-post","status-publish","format-standard","has-post-thumbnail","hentry","category-allgemein-de"],"featured_image_src":"https:\/\/schillerinstitute.com\/wp-content\/uploads\/2024\/10\/IPC-18.10-e1729194848546.png","author_info":{"display_name":"madeleine","author_link":"https:\/\/schillerinstitute.com\/de\/blog\/author\/madeleine\/"},"modified_by":"madeleine","cc_featured_image_caption":{"caption_text":"","source_text":"","source_url":""},"_links":{"self":[{"href":"https:\/\/schillerinstitute.com\/de\/wp-json\/wp\/v2\/posts\/105014","targetHints":{"allow":["GET"]}}],"collection":[{"href":"https:\/\/schillerinstitute.com\/de\/wp-json\/wp\/v2\/posts"}],"about":[{"href":"https:\/\/schillerinstitute.com\/de\/wp-json\/wp\/v2\/types\/post"}],"author":[{"embeddable":true,"href":"https:\/\/schillerinstitute.com\/de\/wp-json\/wp\/v2\/users\/34"}],"replies":[{"embeddable":true,"href":"https:\/\/schillerinstitute.com\/de\/wp-json\/wp\/v2\/comments?post=105014"}],"version-history":[{"count":6,"href":"https:\/\/schillerinstitute.com\/de\/wp-json\/wp\/v2\/posts\/105014\/revisions"}],"predecessor-version":[{"id":105040,"href":"https:\/\/schillerinstitute.com\/de\/wp-json\/wp\/v2\/posts\/105014\/revisions\/105040"}],"wp:featuredmedia":[{"embeddable":true,"href":"https:\/\/schillerinstitute.com\/de\/wp-json\/wp\/v2\/media\/105017"}],"wp:attachment":[{"href":"https:\/\/schillerinstitute.com\/de\/wp-json\/wp\/v2\/media?parent=105014"}],"wp:term":[{"taxonomy":"category","embeddable":true,"href":"https:\/\/schillerinstitute.com\/de\/wp-json\/wp\/v2\/categories?post=105014"},{"taxonomy":"post_tag","embeddable":true,"href":"https:\/\/schillerinstitute.com\/de\/wp-json\/wp\/v2\/tags?post=105014"}],"curies":[{"name":"wp","href":"https:\/\/api.w.org\/{rel}","templated":true}]}}