{"id":104886,"date":"2024-10-08T12:28:59","date_gmt":"2024-10-08T16:28:59","guid":{"rendered":"https:\/\/schillerinstitute.com\/?p=104886"},"modified":"2024-10-08T13:09:30","modified_gmt":"2024-10-08T17:09:30","slug":"live-dialog-mit-helga-zepp-larouche-weltbuerger-aller-laender-vereinigt-euch-mittwoch-9-oktober-2024-18-30-uhr","status":"publish","type":"post","link":"https:\/\/schillerinstitute.com\/de\/blog\/2024\/10\/08\/live-dialog-mit-helga-zepp-larouche-weltbuerger-aller-laender-vereinigt-euch-mittwoch-9-oktober-2024-18-30-uhr\/","title":{"rendered":"Live-Dialog mit Helga Zepp-LaRouche: \u201eWeltb\u00fcrger aller L\u00e4nder vereinigt Euch!\u201c, Mittwoch, 9. Oktober 2024, 18.30 Uhr"},"content":{"rendered":"\n<p class=\"has-drop-cap has-vivid-red-color has-text-color\"><strong>Schlie\u00dfen Sie sich&nbsp;Helga Zepp-LaRouche&nbsp;in ihrem w\u00f6chentlichen&nbsp;Live-Dialog&nbsp;an und helfen Sie mit, das Neuen Paradigma f\u00fcr die gesamte Menschheit einzul\u00e4uten. Senden Sie Ihre Fragen, Gedanken und Berichte an&nbsp;<a rel=\"noreferrer noopener\" href=\"mailto:fragen@bueso.de\" target=\"_blank\">fragen@bueso.de<\/a>&nbsp;oder stellen Sie diese im Live-Stream.<\/strong><\/p>\n\n\n<p><iframe loading=\"lazy\" title=\"Krieg oder Frieden? Wir haben nur die eine Welt!\" src=\"https:\/\/www.youtube.com\/embed\/XVEp5M647AA\" width=\"789\" height=\"444\" frameborder=\"0\" allowfullscreen=\"allowfullscreen\"><\/iframe><\/p>\n<p style=\"text-align: center;\"><strong>Globaler Krieg oder universeller Frieden &#8211; Wer wird entscheiden?<\/strong><\/p>\n<p>Die Welt sitzt auf einem absoluten Pulverfass, da es derzeit zwei gro\u00dfe Konflikte gibt, die jeden Moment in einen globalen Krieg ausbrechen k\u00f6nnten. Der israelische Verteidigungsminister Yoav Gallant wird diese Woche Washington besuchen, wo er eine m\u00f6gliche Reaktion auf den iranischen Raketenangriff letzte Woche besprechen und gleichzeitig daran arbeiten wird, die USA vollst\u00e4ndig in den Krieg Israels gegen den Iran einzubeziehen. Trotz der Echokammer, die in Washington existiert, gibt es sogar einige Stimmen jenseits des Atlantiks, die erkennen, dass nichts Gutes dabei herauskommt, wenn diese Politik fortgesetzt wird \u2013 wie der franz\u00f6sische Pr\u00e4sident Emmanuel Macron k\u00fcrzlich mit seiner Forderung nach einem Ende der Waffenlieferungen an Israel gezeigt hat.<\/p>\n<p>Doch nach einem ganzen Jahr mittelalterlicher Barbarei Israels in Gaza und jetzt im Libanon ist die Welt nicht mehr so, wie sie einmal war. Wie bereits angedeutet wurde, ist Gaza nicht nur der Friedhof unschuldiger Kinder \u2013 es ist auch der Friedhof der \u201eregelbasierten Ordnung\u201c.<\/p>\n<p>Gleichzeitig hat der j\u00fcngste Sieg Russlands in der Stadt Ugledar [Wuhledar] im Westen eine Art Panik ausgel\u00f6st und eine weitaus deutlichere Realit\u00e4t aufgedeckt, als sie auf den Seiten und Fernsehbildschirmen der Mainstream-Medien gezeigt werden darf. Ein Konflikt, der h\u00e4tte vermieden werden k\u00f6nnen, wenn die neokonservativen Russlandhasser in der NATO Verhandlungen zugestimmt und die nationalen Interessen Russlands akzeptiert h\u00e4tten, ist nun zum Gradmesser f\u00fcr die Ineffektivit\u00e4t der NATO als Ganzes geworden \u2013 auf Kosten von Hunderttausenden von Menschenleben und vielleicht sogar der ukrainischen Nation selbst.<\/p>\n<p>Westliche Regierungsvertreter sind nun auf beiden Seiten des Atlantiks damit besch\u00e4ftigt, neue Vorschl\u00e4ge f\u00fcr einen Waffenstillstand in der Ukraine zu unterbreiten, und Pr\u00e4sident Biden wird Ende der Woche mit seinem Teleprompter nach Deutschland reisen, um andere Optionen zu besprechen. Dazu geh\u00f6ren die \u201eTrump-Absicherung\u201c der NATO und die Schaffung einer langfristigen Kriegsgrundlage gegen Russland. Aber um die Einigkeit und Planung der NATO sieht es nicht gut aus, wie der slowakische Ministerpr\u00e4sident Robert Fico beispielhaft zeigt, der gesagt hat, dass er die benachbarte Ukraine niemals in die NATO aufnehmen werde, solange er im Amt ist.<\/p>\n<p>Dennoch bleibt die Gefahr enorm, da diejenigen, die sich f\u00fcr die Verteidigung ihrer zum Scheitern verurteilten Weltanschauung einsetzen, die Welt auf einen thermonuklearen Showdown zusteuern lassen.<\/p>\n<p>In einem Gespr\u00e4ch mit Mitarbeitern betonte Helga Zepp-LaRouche heute, dass die n\u00e4chsten vier Wochen bis zu den US-Wahlen im November entscheidend sein werden und dass es in dieser Zeit zahlreiche Wendepunkte geben wird, w\u00e4hrend die Welt diese gegenw\u00e4rtige Umw\u00e4lzung durchlebt. Die Spannungen werden wahrscheinlich noch zunehmen \u2013 hoffentlich nicht bis zu einem Punkt, an dem es kein Zur\u00fcck mehr gibt. Aber der Ausgang ist noch nicht entschieden. Es wird auch mehr M\u00f6glichkeiten geben, sich zu organisieren und neue Ideen einzubringen, in welche Richtung sich die Welt bewegen muss, und es wird eine Gelegenheit sein, eine Dynamik f\u00fcr eine prinzipientreue Reaktion auf diese Krise aufzubauen.<\/p>\n<p>Wie Friedrich Schiller sagte: <strong><a href=\"https:\/\/www.friedrich-schiller-archiv.de\/gedichte-schillers\/highlights\/hoffnung\/\" target=\"_blank\" rel=\"noopener\">\u201eZu was Besserem sind wir geboren!\u201c<\/a><\/strong> Es ist an der Zeit, das <strong><a href=\"https:\/\/schillerinstitute.com\/de\/blog\/2022\/11\/30\/zehn-prinzipien-fuer-eine-neue-internationale-sicherheits-und-entwicklungsarchitektur\/\" target=\"_blank\" rel=\"noopener\">neoliberale System durch ein System zu ersetzen, das der W\u00fcrde und Sch\u00f6nheit der Menschheit gerecht wird.<\/a><\/strong><\/p>\n\n\n<p class=\"has-drop-cap has-vivid-red-color has-text-color\"><strong>Schlie\u00dfen Sie sich&nbsp;Helga Zepp-LaRouche&nbsp;in ihrem w\u00f6chentlichen&nbsp;Live-Dialog&nbsp;an und helfen Sie mit, das Neuen Paradigma f\u00fcr die gesamte Menschheit einzul\u00e4uten. Senden Sie Ihre Fragen, Gedanken und Berichte an&nbsp;<a rel=\"noreferrer noopener\" href=\"mailto:fragen@bueso.de\" target=\"_blank\">fragen@bueso.de<\/a>&nbsp;oder stellen Sie diese im Live-Stream.<\/strong><\/p>\n\n\n\n<p><\/p>\n<!-- AddThis Advanced Settings generic via filter on the_content --><!-- AddThis Share Buttons generic via filter on the_content -->","protected":false},"excerpt":{"rendered":"<p>Schlie\u00dfen Sie sich&nbsp;Helga Zepp-LaRouche&nbsp;in ihrem w\u00f6chentlichen&nbsp;Live-Dialog&nbsp;an und helfen Sie mit, das Neuen Paradigma f\u00fcr die gesamte Menschheit einzul\u00e4uten. Senden Sie Ihre Fragen, Gedanken und Berichte an&nbsp;fragen@bueso.de&nbsp;oder stellen Sie diese im Live-Stream. Globaler Krieg oder universeller Frieden &#8211; Wer wird entscheiden? Die Welt sitzt auf einem&hellip;<!-- AddThis Advanced Settings generic via filter on get_the_excerpt --><!-- AddThis Share Buttons generic via filter on get_the_excerpt --><\/p>\n","protected":false},"author":33,"featured_media":104887,"comment_status":"open","ping_status":"closed","sticky":false,"template":"","format":"standard","meta":{"_lmt_disableupdate":"no","_lmt_disable":"","footnotes":""},"categories":[37,537,438,471,462],"tags":[],"class_list":["post-104886","post","type-post","status-publish","format-standard","has-post-thumbnail","hentry","category-allgemein-de","category-hzl-video-de","category-helga-zepp-larouche-de","category-webcast-de","category-webcast-mit-helga-zepp-larouche"],"featured_image_src":"https:\/\/schillerinstitute.com\/wp-content\/uploads\/2024\/10\/Webcast-Thumbnails-9.-Oktober-deutsch.jpg","author_info":{"display_name":"tobi","author_link":"https:\/\/schillerinstitute.com\/de\/blog\/author\/tobi\/"},"modified_by":"tobi","cc_featured_image_caption":{"caption_text":"","source_text":"","source_url":""},"_links":{"self":[{"href":"https:\/\/schillerinstitute.com\/de\/wp-json\/wp\/v2\/posts\/104886","targetHints":{"allow":["GET"]}}],"collection":[{"href":"https:\/\/schillerinstitute.com\/de\/wp-json\/wp\/v2\/posts"}],"about":[{"href":"https:\/\/schillerinstitute.com\/de\/wp-json\/wp\/v2\/types\/post"}],"author":[{"embeddable":true,"href":"https:\/\/schillerinstitute.com\/de\/wp-json\/wp\/v2\/users\/33"}],"replies":[{"embeddable":true,"href":"https:\/\/schillerinstitute.com\/de\/wp-json\/wp\/v2\/comments?post=104886"}],"version-history":[{"count":5,"href":"https:\/\/schillerinstitute.com\/de\/wp-json\/wp\/v2\/posts\/104886\/revisions"}],"predecessor-version":[{"id":104902,"href":"https:\/\/schillerinstitute.com\/de\/wp-json\/wp\/v2\/posts\/104886\/revisions\/104902"}],"wp:featuredmedia":[{"embeddable":true,"href":"https:\/\/schillerinstitute.com\/de\/wp-json\/wp\/v2\/media\/104887"}],"wp:attachment":[{"href":"https:\/\/schillerinstitute.com\/de\/wp-json\/wp\/v2\/media?parent=104886"}],"wp:term":[{"taxonomy":"category","embeddable":true,"href":"https:\/\/schillerinstitute.com\/de\/wp-json\/wp\/v2\/categories?post=104886"},{"taxonomy":"post_tag","embeddable":true,"href":"https:\/\/schillerinstitute.com\/de\/wp-json\/wp\/v2\/tags?post=104886"}],"curies":[{"name":"wp","href":"https:\/\/api.w.org\/{rel}","templated":true}]}}