{"id":104480,"date":"2024-09-19T13:06:59","date_gmt":"2024-09-19T17:06:59","guid":{"rendered":"https:\/\/schillerinstitute.com\/?p=104480"},"modified":"2024-09-19T13:07:01","modified_gmt":"2024-09-19T17:07:01","slug":"atomkriegsgefahr-wird-zum-thema-im-us-praesidentschaftswahlkampf","status":"publish","type":"post","link":"https:\/\/schillerinstitute.com\/de\/blog\/2024\/09\/19\/atomkriegsgefahr-wird-zum-thema-im-us-praesidentschaftswahlkampf\/","title":{"rendered":"Atomkriegsgefahr wird zum Thema im US-Pr\u00e4sidentschaftswahlkampf"},"content":{"rendered":"<p><div class=\"info-box\"><h3 class=\"info-box-title\" style=\"color:#fff;background:#bb1f05;\">68. Treffen der Internationalen Friedenskoalition<\/h3><div class=\"info-box-content\" style=\"color:#fff;background:#00687e;\"><p><\/p>\n<table role=\"presentation\" border=\"0\" width=\"100%\" cellspacing=\"0\" cellpadding=\"0\">\n<tbody>\n<tr>\n<td class=\"m_-8659334368465162695r7-c\" align=\"left\">\n<table class=\"m_-8659334368465162695r8-o\" role=\"presentation\" border=\"0\" width=\"100%\" cellspacing=\"0\" cellpadding=\"0\">\n<tbody>\n<tr>\n<td class=\"m_-8659334368465162695r9-i m_-8659334368465162695nl2go-default-textstyle\" align=\"center\" valign=\"top\">\n<div>\n<h2 class=\"m_-8659334368465162695default-heading2\" style=\"text-align: center;\"><span style=\"color: #ffffff;\"><strong>Freitag, 20. September 20024, 17.00 Uhr (MESZ)<\/strong><\/span><\/h2>\n<p style=\"text-align: center;\">Seien Sie diesen Freitag, 17.00 Uhr MEZ, mit <strong>Jonathan Kuttab<\/strong>, Mitbegr\u00fcnder von Non-violence International und Gesch\u00e4ftsf\u00fchrer der Palestinian Christian Friends of Sabeel North America, und weiteren \u00dcberraschungsg\u00e4sten, die noch bekannt gegeben werden, dabei.<\/p>\n<\/div>\n<\/td>\n<\/tr>\n<\/tbody>\n<\/table>\n<\/td>\n<\/tr>\n<tr>\n<td class=\"m_-8659334368465162695r7-c\" align=\"left\">\n<table class=\"m_-8659334368465162695r8-o\" role=\"presentation\" border=\"0\" width=\"100%\" cellspacing=\"0\" cellpadding=\"0\">\n<tbody>\n<tr>\n<td class=\"m_-8659334368465162695r17-i m_-8659334368465162695nl2go-default-textstyle\" align=\"center\" valign=\"top\">\n<div>\n<p style=\"text-align: center;\"><strong>Die Treffen der Internationalen Friedenskoalition finden w\u00f6chentlich Freitags, 17.00 Uhr statt. Eine deutsche Simultan\u00fcbersetzung wird angeboten. F\u00fcr die Teilnahme ist eine Anmeldung erforderlich.<\/strong><\/p>\n<p style=\"text-align: center;\"><a href=\"https:\/\/schillerinstitute.com\/de\/schliessen-sie-sich-der-internationalen-friedenskoalition-an\/\" class=\"custom-button small\" data-newwindow=\"true\">Zur Anmeldung<\/a><\/p>\n<\/div>\n<\/td>\n<\/tr>\n<\/tbody>\n<\/table>\n<\/td>\n<\/tr>\n<\/tbody>\n<\/table>\n<p><br \/><\/p><\/div><\/div><\/p>\n\n\n<p><strong>Seit 67 Wochen in Folge warnt, organisiert und trifft sich die Internationale Friedenskoalition (IPC), um \u00fcber die unmittelbare Gefahr eines Atomkrieges zu diskutieren, der den ganzen Planeten bedroht \u2013 eine Gefahr, die in der Ukraine und in S\u00fcdwestasien am deutlichsten sichtbar ist.<\/strong> Seit 67 Wochen weist die Initiatorin der IPC, Helga Zepp-LaRouche, auf den Zusammenbruch des \u201eunipolaren\u201c Systems der City of London und der Wall Street als eigentliche Ursache dieser Kriegsgefahr hin und arbeitet systematisch an der L\u00f6sung dieser existenziellen Krise: einer neuen Sicherheits- und Entwicklungsarchitektur, die auf den Prinzipien des Westf\u00e4lischen Friedens von 1648 basiert.<\/p>\n\n\n\n<p>Diese zentrale Frage von Atomkrieg oder Frieden, die deutlich macht, dass wir eine Menschheit mit gemeinsamen Interessen sind, ist auf der Zielgeraden des Pr\u00e4sidentschaftswahlkampfes endlich auch auf der B\u00fchne der amerikanischen Politik angekommen \u2013 und das keinen Moment zu fr\u00fch.<\/p>\n\n\n\n<p>Bei einer Wahlkampfveranstaltung am 17. September in Flint, Michigan, sagte Donald Trump: \u201eF\u00fcr mich gibt es eine gro\u00dfe Bedrohung: Das sind Atomwaffen. Sie sind die gr\u00f6\u00dfte Bedrohung f\u00fcr die Welt, nicht nur f\u00fcr Michigan, sondern f\u00fcr die ganze Welt, und es wird nicht mehr so wichtig sein, Autos zu bauen, wenn das passiert.\u201c<\/p>\n\n\n\n<p><strong>Man sollte nicht versuchen, diese Warnungen als parteipolitische Wahlkampfreden abzutun.<\/strong><\/p>\n\n\n\n<p>Nicht nur bei Trump schrillen die Alarmglocken. Am 13. September erkl\u00e4rte der ehemalige demokratische Kongressabgeordnete und jetzige unabh\u00e4ngige Pr\u00e4sidentschaftskandidat Dennis Kucinich: \u201eDie Biden-Administration, die die Ukraine als Stellvertreter benutzt, diskutiert dar\u00fcber, ob sie den Dritten Weltkrieg ausl\u00f6sen soll, indem sie der Ukraine erlaubt, Offensivraketen einzusetzen, um tief in Russland einzudringen. \u2026 [Das w\u00fcrde] die Bedingungen f\u00fcr einen unvermeidlichen nuklearen Schlagabtausch mit Russland schaffen. \u2026 Das ist Wahnsinn. Keine Regierung, ob demokratisch oder republikanisch, hat das Recht, uns in einen Krieg zu f\u00fchren, der nicht nur unser Land, sondern die ganze Welt zerst\u00f6ren kann.\u201c<\/p>\n\n\n\n<p>In der letzten Woche haben auch die ehemalige demokratische Kongressabgeordnete Tulsi Gabbard und der ehemalige Pr\u00e4sidentschaftskandidat Robert Kennedy Jr. vor der drohenden Gefahr eines Atomkriegs gewarnt.<\/p>\n\n\n\n<p>Warum berichten die gro\u00dfen Medien \u2013 mit einigen ehrenwerten Ausnahmen \u2013 nicht \u00fcber diese wichtigen Aussagen? Entweder weil sie vollst\u00e4ndig im Besitz derselben globalen Finanzinteressen sind, die Russland bewusst zu einem nuklearen Schlagabtausch provozieren wollen, oder weil sie durch Gestapo-Zensur und die Androhung von Gef\u00e4ngnisstrafen \u2013 oder Schlimmerem \u2013 zum Schweigen und zur Unterwerfung terrorisiert werden, wenn sie es wagen, ihre Meinung zu \u00e4u\u00dfern.<\/p>\n\n\n\n<p>Auf einige werden gezielte Mordanschl\u00e4ge ver\u00fcbt, obwohl sie angeblich unter dem Schutz des Secret Service stehen. Andere, wie Scott Ritter, werden vom FBI drangsaliert, weil sie \u201everd\u00e4chtigt\u201c werden, russische Desinformationsagenten zu sein. Wieder andere, darunter das Schiller-Institut, werden auf die ukrainische <a href=\"https:\/\/solidaritaet.com\/neuesol\/2024\/24\/dossier-desinformation-und-mord.htm?ref=eirna.de\">Abschussliste CCD-Molfar-Myrotvorets<\/a> gesetzt und als \u201eInformationsterroristen\u201c gebrandmarkt, die \u201eliquidiert\u201c werden m\u00fcssten.<\/p>\n\n\n\n<p>Unabh\u00e4ngig davon, ob Sie an einem der letzten 67 Treffen der IPC teilgenommen haben oder nicht, m\u00fcssen Sie zugeben, dass es f\u00fcr Sie sehr sinnvoll ist, an der IPC #68 teilzunehmen.<\/p>\n\n\n\n<p>Seien Sie diesen Freitag 17.00 Uhr MEZ mit <strong>Jonathan Kuttab<\/strong>, Mitbegr\u00fcnder von Non-violence International und Gesch\u00e4ftsf\u00fchrer der Palestinian Christian Friends of Sabeel North America, und weiteren \u00dcberraschungsg\u00e4sten, die noch bekannt gegeben werden, dabei.<\/p>\n\n\n<div class=\"info-box\">\n<h3 class=\"info-box-title\" style=\"color:#fff;background:#bb1f05;\">68. Treffen der Internationalen Friedenskoalition<\/h3>\n<div class=\"info-box-content\" style=\"color:#fff;background:#00687e;\">\n<table role=\"presentation\" border=\"0\" width=\"100%\" cellspacing=\"0\" cellpadding=\"0\">\n<tbody>\n<tr>\n<td class=\"m_-8659334368465162695r7-c\" align=\"left\">\n<table class=\"m_-8659334368465162695r8-o\" role=\"presentation\" border=\"0\" width=\"100%\" cellspacing=\"0\" cellpadding=\"0\">\n<tbody>\n<tr>\n<td class=\"m_-8659334368465162695r9-i m_-8659334368465162695nl2go-default-textstyle\" align=\"center\" valign=\"top\">\n<div>\n<h2 class=\"m_-8659334368465162695default-heading2\" style=\"text-align: center;\"><span style=\"color: #ffffff;\"><strong>Freitag, 20. September 20024, 17.00 Uhr (MESZ)<\/strong><\/span><\/h2>\n<p style=\"text-align: center;\">Seien Sie diesen Freitag, 17.00 Uhr MEZ, mit <strong>Jonathan Kuttab<\/strong>, Mitbegr\u00fcnder von Non-violence International und Gesch\u00e4ftsf\u00fchrer der Palestinian Christian Friends of Sabeel North America, und weiteren \u00dcberraschungsg\u00e4sten, die noch bekannt gegeben werden, dabei.<\/p>\n<\/div>\n<\/td>\n<\/tr>\n<\/tbody>\n<\/table>\n<\/td>\n<\/tr>\n<tr>\n<td class=\"m_-8659334368465162695r7-c\" align=\"left\">\n<table class=\"m_-8659334368465162695r8-o\" role=\"presentation\" border=\"0\" width=\"100%\" cellspacing=\"0\" cellpadding=\"0\">\n<tbody>\n<tr>\n<td class=\"m_-8659334368465162695r17-i m_-8659334368465162695nl2go-default-textstyle\" align=\"center\" valign=\"top\">\n<div>\n<p style=\"text-align: center;\"><strong>Die Treffen der Internationalen Friedenskoalition finden w\u00f6chentlich Freitags, 17.00 Uhr statt. Eine deutsche Simultan\u00fcbersetzung wird angeboten. F\u00fcr die Teilnahme ist eine Anmeldung erforderlich.<\/strong><\/p>\n<p style=\"text-align: center;\"><a href=\"https:\/\/schillerinstitute.com\/de\/schliessen-sie-sich-der-internationalen-friedenskoalition-an\/\" class=\"custom-button small\" data-newwindow=\"true\">Zur Anmeldung<\/a><\/p>\n<\/div>\n<\/td>\n<\/tr>\n<\/tbody>\n<\/table>\n<\/td>\n<\/tr>\n<\/tbody>\n<\/table>\n<\/div>\n<\/div>\n<!-- AddThis Advanced Settings generic via filter on the_content --><!-- AddThis Share Buttons generic via filter on the_content -->","protected":false},"excerpt":{"rendered":"<p>68. Treffen der Internationalen Friedenskoalition Freitag, 20. September 20024, 17.00 Uhr (MESZ) Seien Sie diesen Freitag, 17.00 Uhr MEZ, mit Jonathan Kuttab, Mitbegr\u00fcnder von Non-violence International und Gesch\u00e4ftsf\u00fchrer der Palestinian Christian Friends of Sabeel North America, und weiteren \u00dcberraschungsg\u00e4sten, die noch bekannt gegeben werden, dabei.&hellip;<!-- AddThis Advanced Settings generic via filter on get_the_excerpt --><!-- AddThis Share Buttons generic via filter on get_the_excerpt --><\/p>\n","protected":false},"author":34,"featured_media":104448,"comment_status":"open","ping_status":"closed","sticky":false,"template":"","format":"standard","meta":{"_lmt_disableupdate":"","_lmt_disable":"","footnotes":""},"categories":[37,801],"tags":[],"class_list":["post-104480","post","type-post","status-publish","format-standard","has-post-thumbnail","hentry","category-allgemein-de","category-internationale-friedenskoalition"],"featured_image_src":"https:\/\/schillerinstitute.com\/wp-content\/uploads\/2024\/09\/postol-grafik.jpg","author_info":{"display_name":"madeleine","author_link":"https:\/\/schillerinstitute.com\/de\/blog\/author\/madeleine\/"},"modified_by":"madeleine","cc_featured_image_caption":{"caption_text":"","source_text":"","source_url":""},"_links":{"self":[{"href":"https:\/\/schillerinstitute.com\/de\/wp-json\/wp\/v2\/posts\/104480","targetHints":{"allow":["GET"]}}],"collection":[{"href":"https:\/\/schillerinstitute.com\/de\/wp-json\/wp\/v2\/posts"}],"about":[{"href":"https:\/\/schillerinstitute.com\/de\/wp-json\/wp\/v2\/types\/post"}],"author":[{"embeddable":true,"href":"https:\/\/schillerinstitute.com\/de\/wp-json\/wp\/v2\/users\/34"}],"replies":[{"embeddable":true,"href":"https:\/\/schillerinstitute.com\/de\/wp-json\/wp\/v2\/comments?post=104480"}],"version-history":[{"count":5,"href":"https:\/\/schillerinstitute.com\/de\/wp-json\/wp\/v2\/posts\/104480\/revisions"}],"predecessor-version":[{"id":104485,"href":"https:\/\/schillerinstitute.com\/de\/wp-json\/wp\/v2\/posts\/104480\/revisions\/104485"}],"wp:featuredmedia":[{"embeddable":true,"href":"https:\/\/schillerinstitute.com\/de\/wp-json\/wp\/v2\/media\/104448"}],"wp:attachment":[{"href":"https:\/\/schillerinstitute.com\/de\/wp-json\/wp\/v2\/media?parent=104480"}],"wp:term":[{"taxonomy":"category","embeddable":true,"href":"https:\/\/schillerinstitute.com\/de\/wp-json\/wp\/v2\/categories?post=104480"},{"taxonomy":"post_tag","embeddable":true,"href":"https:\/\/schillerinstitute.com\/de\/wp-json\/wp\/v2\/tags?post=104480"}],"curies":[{"name":"wp","href":"https:\/\/api.w.org\/{rel}","templated":true}]}}