{"id":104359,"date":"2024-09-10T13:33:51","date_gmt":"2024-09-10T17:33:51","guid":{"rendered":"https:\/\/schillerinstitute.com\/?p=104359"},"modified":"2024-09-10T13:33:54","modified_gmt":"2024-09-10T17:33:54","slug":"live-dialog-mit-helga-zepp-larouche-weltbuerger-aller-laender-vereinigt-euch-mittwoch-11-september-2024-18-30-uhr","status":"publish","type":"post","link":"https:\/\/schillerinstitute.com\/de\/blog\/2024\/09\/10\/live-dialog-mit-helga-zepp-larouche-weltbuerger-aller-laender-vereinigt-euch-mittwoch-11-september-2024-18-30-uhr\/","title":{"rendered":"Live-Dialog mit Helga Zepp-LaRouche: \u201eWeltb\u00fcrger aller L\u00e4nder vereinigt Euch!\u201c, Mittwoch, 11. September 2024, 18.30 Uhr"},"content":{"rendered":"\n<p class=\"has-drop-cap has-vivid-red-color has-text-color\"><strong>Schlie\u00dfen Sie sich&nbsp;Helga Zepp-LaRouche&nbsp;in ihrem w\u00f6chentlichen&nbsp;Live-Dialog&nbsp;an und helfen Sie mit, das Neuen Paradigma f\u00fcr die gesamte Menschheit einzul\u00e4uten. Senden Sie Ihre Fragen, Gedanken und Berichte an&nbsp;<a rel=\"noreferrer noopener\" href=\"mailto:fragen@bueso.de\" target=\"_blank\">fragen@bueso.de<\/a>&nbsp;oder stellen Sie diese im Live-Stream.<\/strong><\/p>\n\n\n<p><iframe loading=\"lazy\" width=\"789\" height=\"444\" src=\"https:\/\/www.youtube.com\/embed\/PQ0Oge0Fg7A\" title=\"Frieden und Stabilit\u00e4t schaffen - ohne Nuklearkrieg!\" frameborder=\"0\" allow=\"accelerometer; autoplay; clipboard-write; encrypted-media; gyroscope; picture-in-picture; web-share\" referrerpolicy=\"strict-origin-when-cross-origin\" allowfullscreen=\"\"><\/iframe><\/p>\n\n\n<p><\/p>\n\n\n\n<p>Aus den &#8222;Vielen&#8220; die &#8222;Einheit&#8220; schaffen &#8211; Der Kampf um eine neue strategische Architektur<\/p>\n\n\n\n<p>Ein Teil des Schlusswortes der Gr\u00fcnderin des Schiller-Instituts, <strong>Helga Zepp-LaRouche<\/strong>, auf der bemerkenswerten Friedenskonferenz der International Peace Coalition (IPC) traf den Nagel auf den Kopf. Unter dem Titel <a href=\"https:\/\/schillerinstitute.com\/de\/blog\/2024\/09\/09\/sperrt-die-kriegsmeute-in-den-zwinger\/\" data-type=\"URL\" data-id=\"https:\/\/schillerinstitute.com\/de\/blog\/2024\/09\/09\/sperrt-die-kriegsmeute-in-den-zwinger\/\" target=\"_blank\" rel=\"noreferrer noopener\">\u201eDie neue US-Nukleardoktrin: Grund zur Sorge f\u00fcr die Welt\u201c<\/a> wurde zun\u00e4chst dargestellt, wie weit sich die thermonukleare Konfrontation bereits entwickelt hat. Zepp-LaRouche ging auf die eigentliche Ursache des Kriegsvorhabens und damit auf die L\u00f6sung ein:<\/p>\n\n\n\n<p><em>\u201e\u2026 die eigentliche Ursache des Konflikts ist erstens der drohende Zusammenbruch des transatlantischen Systems, das auf 33 Billionen Dollar amerikanischer Staatsschulden sitzt, aber auch auf 2 Billiarden Dollar ausstehender Derivate, die jederzeit platzen k\u00f6nnen. Zweitens, dass die wirkliche Ursache und die Ver\u00e4nderung der strategischen Doktrinen in den USA, die damals von einer einhelligen Verurteilung Russlands und Chinas durch alle transatlantischen Denkfabriken begleitet wurde, eigentlich im Jahr 2017 begann. Der Grund daf\u00fcr ist der Aufstieg Chinas und der BRI, mit der China das chinesische Wirtschaftsmodell auf andere Entwicklungsl\u00e4nder ausdehnt.<\/em><\/p>\n\n\n\n<p><em>\u201eWie einige von Ihnen vielleicht wissen, war die&nbsp;<a href=\"https:\/\/youtu.be\/LkDXXpPfoLc?ref=eirna.de\" target=\"_blank\" rel=\"noreferrer noopener\">Eurasische Landbr\u00fccke 1991<\/a>, als die Sowjetunion zusammenbrach, unser Projekt f\u00fcr eine Friedensordnung. Vieles von dem, was China heute tut, hat mit dem zu tun, was mein verstorbener Mann und unsere Bewegung ein halbes Jahrhundert lang getan haben.<\/em><\/p>\n\n\n\n<p><em>\u201eDeshalb l\u00f6st man das Problem nicht, indem man einfach einen neuen Verteidigungs- oder Abr\u00fcstungsvertrag oder so etwas abschlie\u00dft. Man muss die Ursachen bek\u00e4mpfen, und das bedeutet einen Paradigmenwechsel.<\/em><\/p>\n\n\n\n<p><em>\u201eIch glaube, dass wir uns nicht nur mit den Russen, sondern auch mit jedem anderen Land der Welt oder mit jedem anderen Volk der Welt wieder anfreunden k\u00f6nnen, wenn wir uns darauf besinnen, dass wir die eine Menschheit sind. Welche historischen, ethnischen und sonstigen Unterschiede uns auch trennen m\u00f6gen, wir m\u00fcssen den Sprung wagen, zuerst an die Interessen der Menschheit als Ganzes zu denken, bevor wir uns unseren nationalen Interessen zuwenden. In gewisser Weise ist dies das Gegenteil von \u201eAmerica First\u201c. Amerika sollte an zweiter Stelle kommen oder Amerika sollte im Einklang sein mit der Menschheit an erster Stelle. Ich glaube, dass dieser mentale Sprung gemacht werden muss.<\/em><\/p>\n\n\n\n<p><em>\u201eIch denke, wir m\u00fcssen uns mit dem Konflikt auseinandersetzen, von dem Pr\u00e4sident Ramotar sagte, dass er die Welt in zwei Bl\u00f6cke spaltet. Das darf nicht passieren. Wir m\u00fcssen eine Situation schaffen, in der die Vereinigten Staaten und die europ\u00e4ischen Nationen diesen geopolitischen Unsinn beenden und sagen, dass sie mit der globalen Mehrheit zusammenarbeiten. Wenn die L\u00e4nder des S\u00fcdens nach 600 Jahren Kolonialismus endlich ihr eigenes System aufbauen wollen, um sich wirtschaftlich zu entwickeln, dann sollten wir das nicht bek\u00e4mpfen, sondern unterst\u00fctzen.\u201d<\/em><\/p>\n\n\n\n<p>Am 8. September w\u00e4re <strong>Lyndon LaRouche<\/strong>, der welthistorische Staatsmann und beste Wirtschaftsprognostiker seiner Zeit, 102 Jahre alt geworden. LaRouches Leben und Wirken steht mehr als das jedes andere im Zentrum der gegenw\u00e4rtigen Weltgeschichte, gleichzeitig wurde er mehr als jeder andere von seinen Feinden verfolgt und verleumdet. Da sich nun die alte Weltordnung in einem Aufl\u00f6sungsprozess befindet und wir von der Nachkriegsordnung zu einer neuen, postkolonialen Architektur \u00fcbergehen (so wir \u00fcberleben), wird Lyndon LaRouches Werk, das seine Frau Helga Zepp-LaRouche weiterf\u00fchrt, eine entscheidendere Rolle f\u00fcr den Erfolg eines neuen Systems spielen.<\/p>\n\n\n\n<p>Die LaRouche-Bewegung befa\u00dft sich seit Jahrzehnten mit der historischen Ausrichtung der Welt von h\u00f6chster Ebene aus, einschlie\u00dflich der h\u00f6heren Vision von Entwicklung, die es erm\u00f6glicht, die Krisen in S\u00fcdwestasien zu l\u00f6sen. Die Internationale Friedenskoalition, die von der Gr\u00fcnderin des Schiller-Instituts, Helga Zepp-LaRouche, einberufen wurde,&nbsp;<a href=\"https:\/\/schillerinstitute.com\/de\/blog\/2023\/07\/23\/die-internationale-friedenskoalition\/\" data-type=\"URL\" data-id=\"https:\/\/schillerinstitute.com\/de\/blog\/2023\/07\/23\/die-internationale-friedenskoalition\/\" target=\"_blank\" rel=\"noreferrer noopener\">hat es sich zur Aufgabe gemacht<\/a>, die Bem\u00fchungen zur Beendigung des Krieges zu verst\u00e4rken und gleichzeitig die Parameter f\u00fcr einen aktiven, energischen Frieden aufzuzeigen, der der W\u00fcrde der menschlichen Gattung gerecht wird.<\/p>\n\n\n\n<p class=\"has-drop-cap has-vivid-red-color has-text-color\"><strong>Schlie\u00dfen Sie sich&nbsp;Helga Zepp-LaRouche&nbsp;in ihrem w\u00f6chentlichen&nbsp;Live-Dialog&nbsp;an und helfen Sie mit, das Neuen Paradigma f\u00fcr die gesamte Menschheit einzul\u00e4uten. Senden Sie Ihre Fragen, Gedanken und Berichte an&nbsp;<a rel=\"noreferrer noopener\" href=\"mailto:fragen@bueso.de\" target=\"_blank\">fragen@bueso.de<\/a>&nbsp;oder stellen Sie diese im Live-Stream.<\/strong><\/p>\n\n\n\n<p><\/p>\n<!-- AddThis Advanced Settings generic via filter on the_content --><!-- AddThis Share Buttons generic via filter on the_content -->","protected":false},"excerpt":{"rendered":"<p>Schlie\u00dfen Sie sich&nbsp;Helga Zepp-LaRouche&nbsp;in ihrem w\u00f6chentlichen&nbsp;Live-Dialog&nbsp;an und helfen Sie mit, das Neuen Paradigma f\u00fcr die gesamte Menschheit einzul\u00e4uten. Senden Sie Ihre Fragen, Gedanken und Berichte an&nbsp;fragen@bueso.de&nbsp;oder stellen Sie diese im Live-Stream. Aus den &#8222;Vielen&#8220; die &#8222;Einheit&#8220; schaffen &#8211; Der Kampf um eine neue strategische Architektur&hellip;<!-- AddThis Advanced Settings generic via filter on get_the_excerpt --><!-- AddThis Share Buttons generic via filter on get_the_excerpt --><\/p>\n","protected":false},"author":33,"featured_media":104374,"comment_status":"open","ping_status":"closed","sticky":false,"template":"","format":"standard","meta":{"_lmt_disableupdate":"","_lmt_disable":"","footnotes":""},"categories":[37,537,438,471,462],"tags":[],"class_list":["post-104359","post","type-post","status-publish","format-standard","has-post-thumbnail","hentry","category-allgemein-de","category-hzl-video-de","category-helga-zepp-larouche-de","category-webcast-de","category-webcast-mit-helga-zepp-larouche"],"featured_image_src":"https:\/\/schillerinstitute.com\/wp-content\/uploads\/2024\/09\/Webcast-Thumbnails-11-September-deutsch-1.jpg","author_info":{"display_name":"tobi","author_link":"https:\/\/schillerinstitute.com\/de\/blog\/author\/tobi\/"},"modified_by":"tobi","cc_featured_image_caption":{"caption_text":"","source_text":"","source_url":""},"_links":{"self":[{"href":"https:\/\/schillerinstitute.com\/de\/wp-json\/wp\/v2\/posts\/104359","targetHints":{"allow":["GET"]}}],"collection":[{"href":"https:\/\/schillerinstitute.com\/de\/wp-json\/wp\/v2\/posts"}],"about":[{"href":"https:\/\/schillerinstitute.com\/de\/wp-json\/wp\/v2\/types\/post"}],"author":[{"embeddable":true,"href":"https:\/\/schillerinstitute.com\/de\/wp-json\/wp\/v2\/users\/33"}],"replies":[{"embeddable":true,"href":"https:\/\/schillerinstitute.com\/de\/wp-json\/wp\/v2\/comments?post=104359"}],"version-history":[{"count":8,"href":"https:\/\/schillerinstitute.com\/de\/wp-json\/wp\/v2\/posts\/104359\/revisions"}],"predecessor-version":[{"id":104387,"href":"https:\/\/schillerinstitute.com\/de\/wp-json\/wp\/v2\/posts\/104359\/revisions\/104387"}],"wp:featuredmedia":[{"embeddable":true,"href":"https:\/\/schillerinstitute.com\/de\/wp-json\/wp\/v2\/media\/104374"}],"wp:attachment":[{"href":"https:\/\/schillerinstitute.com\/de\/wp-json\/wp\/v2\/media?parent=104359"}],"wp:term":[{"taxonomy":"category","embeddable":true,"href":"https:\/\/schillerinstitute.com\/de\/wp-json\/wp\/v2\/categories?post=104359"},{"taxonomy":"post_tag","embeddable":true,"href":"https:\/\/schillerinstitute.com\/de\/wp-json\/wp\/v2\/tags?post=104359"}],"curies":[{"name":"wp","href":"https:\/\/api.w.org\/{rel}","templated":true}]}}