{"id":104200,"date":"2024-09-03T13:07:48","date_gmt":"2024-09-03T17:07:48","guid":{"rendered":"https:\/\/schillerinstitute.com\/?p=104200"},"modified":"2024-09-03T13:25:43","modified_gmt":"2024-09-03T17:25:43","slug":"live-dialog-mit-helga-zepp-larouche-weltbuerger-aller-laender-vereinigt-euch-mittwoch-4-september-2024-18-30-uhr","status":"publish","type":"post","link":"https:\/\/schillerinstitute.com\/de\/blog\/2024\/09\/03\/live-dialog-mit-helga-zepp-larouche-weltbuerger-aller-laender-vereinigt-euch-mittwoch-4-september-2024-18-30-uhr\/","title":{"rendered":"Live-Dialog mit Helga Zepp-LaRouche: \u201eWeltb\u00fcrger aller L\u00e4nder vereinigt Euch!\u201c, Mittwoch, 4. September 2024, 18.30 Uhr"},"content":{"rendered":"\n<p class=\"has-drop-cap has-vivid-red-color has-text-color\"><strong>Schlie\u00dfen Sie sich&nbsp;Helga Zepp-LaRouche&nbsp;in ihrem w\u00f6chentlichen&nbsp;Live-Dialog&nbsp;an und helfen Sie mit, das Neuen Paradigma f\u00fcr die gesamte Menschheit einzul\u00e4uten. Senden Sie Ihre Fragen, Gedanken und Berichte an&nbsp;<a rel=\"noreferrer noopener\" href=\"mailto:fragen@bueso.de\" target=\"_blank\">fragen@bueso.de<\/a>&nbsp;oder stellen Sie diese im Live-Stream.<\/strong><\/p>\n\n\n<p><iframe loading=\"lazy\" width=\"790\" height=\"444\" src=\"https:\/\/www.youtube.com\/embed\/uRio-UVCh08\" title=\"Herber R\u00fcckschlag f\u00fcr die Kriegspartei\" frameborder=\"0\" allow=\"accelerometer; autoplay; clipboard-write; encrypted-media; gyroscope; picture-in-picture; web-share\" referrerpolicy=\"strict-origin-when-cross-origin\" allowfullscreen=\"\"><\/iframe><\/p>\n\n\n<p class=\"has-text-align-center has-black-color has-text-color\"><strong>Deutsche stimmen f\u00fcr Frieden &#8211;  Herber R\u00fcckschlag f\u00fcr die Kriegspartei <\/strong><\/p>\n\n\n\n<p>Die Ergebnisse der Wahlen vom 1. September in Th\u00fcringen und Sachsen deuten auf das Wiederaufleben einer Friedensbewegung in Deutschland hin, auch wenn sie noch nicht klar ausgepr\u00e4gt und weit verbreitet ist. Die gemeinsamen Punkte der siegreichen Parteien in Ostdeutschland waren gestern: Nein zu weiteren Waffenlieferungen an die Ukraine und Ja zur Wiederaufnahme der Diplomatie zur Beilegung der Krise.<\/p>\n\n\n\n<p>Helga Zepp-LaRouche, Leiterin des Schiller-Instituts, sagte heute: <em>\u201eDie Wahlergebnisse in zwei ostdeutschen Bundesl\u00e4ndern sind ein \u00fcberw\u00e4ltigender Beweis daf\u00fcr, dass die Kriegspartei einen R\u00fcckschlag erleiden kann, und es sollte ein ermutigendes Zeichen f\u00fcr alle sein, die sich dem direkten Marsch in den Dritten Weltkrieg widersetzen wollen, auf dem wir schon sehr weit sind. Ich denke, das ist mit Sicherheit das wichtigste Ereignis des Wochenendes, und ich sollte auch sagen, es ist das Wiederaufleben der Friedensbewegung in Deutschland, was ich ebenfalls f\u00fcr sehr hoffnungsvoll halte.\u201c<\/em><\/p>\n\n\n\n<p>Am vergangenem Sonntag fanden in ganz Deutschland Demonstrationen zum \u201eAntikriegstag\u201c am 1. September statt, der an den \u00dcberfall Hitlers auf Polen im Jahr 1939 erinnert. An den meisten Anti-Kriegs-Aktionen nahmen einige Hundert Menschen teil, in einigen St\u00e4dten, darunter Berlin und M\u00fcnchen, waren es sogar einige Tausend.<\/p>\n\n\n\n<p>Eine besondere Querverbindung zwischen den USA und Europa zeigt die auf der M\u00fcnchner Kundgebung abgespielte Videobotschaft von Scott Ritter, dem ehemaligen US-Marine und UN-Waffeninspektor, an das deutsche Volk. Sie kam bei den Zuh\u00f6rern sehr gut an. Mit den Worten,<em> \u201eSchauen Sie zur\u00fcck in Ihre Geschichte\u201c<\/em>, berichtete Ritter ausf\u00fchrlich \u00fcber die gro\u00dfen Demonstrationen in Deutschland in den 1980er Jahren gegen die Stationierung von US-Raketen in Deutschland, was 1987 zum INF-Vertrag (Vertrag \u00fcber die nuklearen Mittelstrecken-Streitkr\u00e4fte) f\u00fchrte. Abschlie\u00dfend ging er auf die heutige extreme Gefahr ein, im Jahr 2026 US-Raketen in Deutschland zuzulassen. Er erhielt spontanen Beifall. <em>\u201eLassen Sie diese Raketen nicht auf deutschem Boden zu! Tun Sie das Richtige. Gehen Sie auf die Stra\u00dfe! Es hat damals funktioniert. Es wird auch heute funktionieren!\u201c<\/em><\/p>\n\n\n\n<p>Schliessen Sie sich der<a href=\"https:\/\/schillerinstitute.com\/de\/blog\/2023\/07\/23\/die-internationale-friedenskoalition\/\" data-type=\"URL\" data-id=\"https:\/\/schillerinstitute.com\/de\/blog\/2023\/07\/23\/die-internationale-friedenskoalition\/\" target=\"_blank\" rel=\"noreferrer noopener\"> Internationalen Friedenskoalition<\/a> und dem Schiller-Insitut an, um eine Plattform f\u00fcr den Durchbruch zu der Kraft auf Weg zu bringen, die notwendig ist, um eine Zukunft des wirtschaftlichen Fortschritts und der Kooperation aller Nationen im Rahmen einer neuen <a rel=\"noreferrer noopener\" href=\"https:\/\/schillerinstitute.com\/de\/blog\/2022\/02\/24\/petition-fuer-eine-internationale-konferenz-zur-schaffung-einer-neuen-sicherheits-und-entwicklungsarchitektur-fuer-alle-nationen\/\" data-type=\"URL\" data-id=\"https:\/\/schillerinstitute.com\/de\/blog\/2022\/02\/24\/petition-fuer-eine-internationale-konferenz-zur-schaffung-einer-neuen-sicherheits-und-entwicklungsarchitektur-fuer-alle-nationen\/\" target=\"_blank\">Sicherheits-und Entwicklungsarchitiktur<\/a> auf Basis von Zepp-LaRouches <a rel=\"noreferrer noopener\" href=\"https:\/\/schillerinstitute.com\/de\/blog\/2022\/11\/30\/zehn-prinzipien-fuer-eine-neue-internationale-sicherheits-und-entwicklungsarchitektur\/\" data-type=\"URL\" data-id=\"https:\/\/schillerinstitute.com\/de\/blog\/2022\/11\/30\/zehn-prinzipien-fuer-eine-neue-internationale-sicherheits-und-entwicklungsarchitektur\/\" target=\"_blank\">Zehn Prinzipien<\/a> zu schaffen.<\/p>\n\n\n\n<p class=\"has-drop-cap has-vivid-red-color has-text-color\"><strong>Schlie\u00dfen Sie sich&nbsp;Helga Zepp-LaRouche&nbsp;in ihrem w\u00f6chentlichen&nbsp;Live-Dialog&nbsp;an und helfen Sie mit, das Neuen Paradigma f\u00fcr die gesamte Menschheit einzul\u00e4uten. Senden Sie Ihre Fragen, Gedanken und Berichte an&nbsp;<a rel=\"noreferrer noopener\" href=\"mailto:fragen@bueso.de\" target=\"_blank\">fragen@bueso.de<\/a>&nbsp;oder stellen Sie diese im Live-Stream.<\/strong><\/p>\n<!-- AddThis Advanced Settings generic via filter on the_content --><!-- AddThis Share Buttons generic via filter on the_content -->","protected":false},"excerpt":{"rendered":"<p>Schlie\u00dfen Sie sich&nbsp;Helga Zepp-LaRouche&nbsp;in ihrem w\u00f6chentlichen&nbsp;Live-Dialog&nbsp;an und helfen Sie mit, das Neuen Paradigma f\u00fcr die gesamte Menschheit einzul\u00e4uten. Senden Sie Ihre Fragen, Gedanken und Berichte an&nbsp;fragen@bueso.de&nbsp;oder stellen Sie diese im Live-Stream. Deutsche stimmen f\u00fcr Frieden &#8211; Herber R\u00fcckschlag f\u00fcr die Kriegspartei Die Ergebnisse der Wahlen&hellip;<!-- AddThis Advanced Settings generic via filter on get_the_excerpt --><!-- AddThis Share Buttons generic via filter on get_the_excerpt --><\/p>\n","protected":false},"author":34,"featured_media":104204,"comment_status":"open","ping_status":"closed","sticky":false,"template":"","format":"standard","meta":{"_lmt_disableupdate":"no","_lmt_disable":"","footnotes":""},"categories":[651,37,537,438,471,462],"tags":[],"class_list":["post-104200","post","type-post","status-publish","format-standard","has-post-thumbnail","hentry","category-651","category-allgemein-de","category-hzl-video-de","category-helga-zepp-larouche-de","category-webcast-de","category-webcast-mit-helga-zepp-larouche"],"featured_image_src":"https:\/\/schillerinstitute.com\/wp-content\/uploads\/2024\/09\/Webcast-Thumbnails-4-september-deutsch.jpg","author_info":{"display_name":"madeleine","author_link":"https:\/\/schillerinstitute.com\/de\/blog\/author\/madeleine\/"},"modified_by":"madeleine","cc_featured_image_caption":{"caption_text":"","source_text":"","source_url":""},"_links":{"self":[{"href":"https:\/\/schillerinstitute.com\/de\/wp-json\/wp\/v2\/posts\/104200","targetHints":{"allow":["GET"]}}],"collection":[{"href":"https:\/\/schillerinstitute.com\/de\/wp-json\/wp\/v2\/posts"}],"about":[{"href":"https:\/\/schillerinstitute.com\/de\/wp-json\/wp\/v2\/types\/post"}],"author":[{"embeddable":true,"href":"https:\/\/schillerinstitute.com\/de\/wp-json\/wp\/v2\/users\/34"}],"replies":[{"embeddable":true,"href":"https:\/\/schillerinstitute.com\/de\/wp-json\/wp\/v2\/comments?post=104200"}],"version-history":[{"count":5,"href":"https:\/\/schillerinstitute.com\/de\/wp-json\/wp\/v2\/posts\/104200\/revisions"}],"predecessor-version":[{"id":104217,"href":"https:\/\/schillerinstitute.com\/de\/wp-json\/wp\/v2\/posts\/104200\/revisions\/104217"}],"wp:featuredmedia":[{"embeddable":true,"href":"https:\/\/schillerinstitute.com\/de\/wp-json\/wp\/v2\/media\/104204"}],"wp:attachment":[{"href":"https:\/\/schillerinstitute.com\/de\/wp-json\/wp\/v2\/media?parent=104200"}],"wp:term":[{"taxonomy":"category","embeddable":true,"href":"https:\/\/schillerinstitute.com\/de\/wp-json\/wp\/v2\/categories?post=104200"},{"taxonomy":"post_tag","embeddable":true,"href":"https:\/\/schillerinstitute.com\/de\/wp-json\/wp\/v2\/tags?post=104200"}],"curies":[{"name":"wp","href":"https:\/\/api.w.org\/{rel}","templated":true}]}}