{"id":103386,"date":"2024-07-09T13:12:58","date_gmt":"2024-07-09T17:12:58","guid":{"rendered":"https:\/\/schillerinstitute.com\/?p=103386"},"modified":"2024-07-09T13:13:00","modified_gmt":"2024-07-09T17:13:00","slug":"live-dialog-mit-helga-zepp-larouche-weltbuerger-aller-laender-vereinigt-euch-mittwoch-10-juli-2024-18-30-uhr","status":"publish","type":"post","link":"https:\/\/schillerinstitute.com\/de\/blog\/2024\/07\/09\/live-dialog-mit-helga-zepp-larouche-weltbuerger-aller-laender-vereinigt-euch-mittwoch-10-juli-2024-18-30-uhr\/","title":{"rendered":"Live-Dialog mit Helga Zepp-LaRouche: \u201eWeltb\u00fcrger aller L\u00e4nder vereinigt Euch!\u201c, Mittwoch, 10. Juli 2024, 18.30 Uhr"},"content":{"rendered":"\n<p class=\"has-drop-cap has-vivid-red-color has-text-color\"><strong>Schlie\u00dfen Sie sich&nbsp;Helga Zepp-LaRouche&nbsp;in ihrem w\u00f6chentlichen&nbsp;Live-Dialog&nbsp;an und helfen Sie mit, das Neuen Paradigma f\u00fcr die gesamte Menschheit einzul\u00e4uten. Senden Sie Ihre Fragen, Gedanken und Berichte an&nbsp;<a rel=\"noreferrer noopener\" href=\"mailto:fragen@bueso.de\" target=\"_blank\">fragen@bueso.de<\/a>&nbsp;oder stellen Sie diese im Live-Stream.<\/strong><\/p>\n\n\n<p><iframe loading=\"lazy\" width=\"789\" height=\"444\" src=\"https:\/\/www.youtube.com\/embed\/FAL0Tdl5224\" title=\"Orban und Xi haben recht: Jetzt Frieden durch Diplomatie!\" frameborder=\"0\" allow=\"accelerometer; autoplay; clipboard-write; encrypted-media; gyroscope; picture-in-picture; web-share\" referrerpolicy=\"strict-origin-when-cross-origin\" allowfullscreen=\"\"><\/iframe><\/p>\n\n\n<p class=\"has-text-align-center\"><strong>Orban versucht es mit Diplomatie, NATO eskaliert<\/strong><\/p>\n\n\n\n<p>Der ungarische Ministerpr\u00e4sident <a href=\"https:\/\/miniszterelnok.hu\/en\/interview-with-prime-minister-viktor-orban-on-m1-public-television\/\" target=\"_blank\" rel=\"noreferrer noopener\">Viktor Orb\u00e1n<\/a> hat unmittelbar nach seiner \u00dcbernahme des Vorsitzes im Rat der Europ\u00e4ischen Union, den er in den n\u00e4chsten sechs Monaten innehaben wird, mit den folgenden Worten das Prinzip der von ihm ergriffenen Ma\u00dfnahmen beschrieben: <em>\u201eWas wir tun k\u00f6nnen, ist das, was immer die Aufgabe der Pr\u00e4sidentschaft ist: Vorschl\u00e4ge auf den Tisch zu legen. Wir werden also nicht entscheiden, aber wir werden den siebenundzwanzig Premierministern helfen, zu entscheiden. Wir werden an allen Orten sein, die f\u00fcr Europa wichtig sind, wir werden alle Situationen erkunden\u2026 Diese F\u00fchrung ist nicht b\u00fcrokratisch \u2013 nat\u00fcrlich gibt es diese Dossiers und \u00dcberlegungen, aber es muss auch eine politische Form der Energie geben: eine Initiative, die keine Entscheidung ist, sondern eine klare Beschreibung der Situation auf den Tisch legt, die m\u00f6glichen L\u00f6sungen. So werden wir vorgehen. Wenn Sie oder Ihre Zuschauer in den n\u00e4chsten Tagen \u00fcberraschende Nachrichten von \u00fcberraschenden Orten h\u00f6ren, dann ist das die Arbeitsweise, die dahinter steckt.\u201c<\/em><\/p>\n\n\n\n<p>In seiner ersten Woche im Amt hat Pr\u00e4sident Orb\u00e1n die Ukraine, Russland und China besucht. Er sagte ausserdem<em>: \u201eIn dieser Kultur der internationalen Diplomatie ist das, was wir vertreten und wie wir es vertreten, \u00f6ffentlich, offen und direkt. Ich denke, dass dies eine Tugend ist\u201c.<\/em><\/p>\n\n\n\n<p>Am 8. Juli traf sich Viktor Orban mit Chinas &nbsp;Staatspr\u00e4sident Xi Jinping in Beijing. Dies war sein dritter &#8222;\u00dcberraschungsbesuch\u201c \u2013 Kiew, Moskau, Peking \u2013 im Rahmen seiner Mission, die Grundlagen f\u00fcr den Frieden in der Ukraine zu schaffen. Bei seiner Ankunft in Beijing schrieb Orb\u00e1n auf <a href=\"https:\/\/x.com\/PM_ViktorOrban\/status\/1810161408891408887\" target=\"_blank\" rel=\"noreferrer noopener\">X<\/a>: <em>\u201eChina ist eine Schl\u00fcsselmacht bei der Schaffung der Bedingungen f\u00fcr einen Frieden im russisch-ukrainischen Krieg. Deshalb bin ich gekommen, um mich mit Pr\u00e4sident Xi in Beijing zu treffen, nur zwei Monate nach seinem offiziellen Besuch in Budapest.\u201c<\/em><\/p>\n\n\n\n<p>Xi sagte, ein baldiger Waffenstillstand und eine politische L\u00f6sung l\u00e4gen im Interesse aller Parteien. Gegenw\u00e4rtig gelte es, die drei Prinzipien <em>\u201ekein \u00dcbergreifen auf das Schlachtfeld, keine Eskalation des Krieges und kein Anfachen der Flammen\u201c<\/em> einzuhalten. Die internationale Gemeinschaft sollte die Voraussetzungen schaffen und die beiden Seiten bei der Wiederaufnahme eines direkten Dialogs und von Verhandlungen unterst\u00fctzen<em>. \u201eNur wenn alle Gro\u00dfm\u00e4chte positive und nicht negative Energie aufwenden, kann es einen Hoffnungsschimmer f\u00fcr einen m\u00f6glichst baldigen Waffenstillstand in diesem Konflikt geben\u201c<\/em>, sagte er.<\/p>\n\n\n\n<p>Betrachten Sie unter diesem Gesichtspunkt die Arbeit Chinas, das an 14 Staaten grenzt, und seines Pr\u00e4sidenten Xi Jinping auf dem Gebiet der Diplomatie, <a href=\"https:\/\/www.bueso.de\/ukrainekrieg-chinas-12-punkte-friedensvorschlag\" target=\"_blank\" rel=\"noreferrer noopener\">einschlie\u00dflich Chinas weitgehend ignoriertem Plan f\u00fcr Frieden in Europa<\/a>. Betrachten Sie den \u201eGegner\u201c Russland, der ebenfalls an 14 Staaten grenzt, und seinen Pr\u00e4sidenten, einschlie\u00dflich seines <a href=\"https:\/\/seniora.org\/politik-wirtschaft\/friedensvorschlag-an-kiew-putins-komplette-grundsatzrede-zur-russischen-aussenpolitik\" target=\"_blank\" rel=\"noreferrer noopener\">Verhandlungsvorschlags vom 14. Juni<\/a>, mit anderen Augen. Betrachten Sie unter diesem Gesichtspunkt, was Orb\u00e1n in die Wege geleitet hat. Stellen Sie sich vor, was passieren w\u00fcrde, wenn intelligente Lebensformen im transatlantischen Sektor, die nicht unbedingt mit der Politik Russlands oder Chinas \u00fcbereinstimmen, aber eine entsprechende Vorstellung von der Notwendigkeit des Friedens durch Entwicklung haben, \u00fcber das, was Orb\u00e1n getan hat, nachdenken, es \u00f6ffentlich unterst\u00fctzen und vorantreiben w\u00fcrden.<\/p>\n\n\n\n<p class=\"has-drop-cap has-vivid-red-color has-text-color\"><strong>Schlie\u00dfen Sie sich&nbsp;Helga Zepp-LaRouche&nbsp;in ihrem w\u00f6chentlichen&nbsp;Live-Dialog&nbsp;an und helfen Sie mit, das Neuen Paradigma f\u00fcr die gesamte Menschheit einzul\u00e4uten. Senden Sie Ihre Fragen, Gedanken und Berichte an&nbsp;<a rel=\"noreferrer noopener\" href=\"mailto:fragen@bueso.de\" target=\"_blank\">fragen@bueso.de<\/a>&nbsp;oder stellen Sie diese im Live-Stream.<\/strong><\/p>\n\n\n\n<p><\/p>\n<!-- AddThis Advanced Settings generic via filter on the_content --><!-- AddThis Share Buttons generic via filter on the_content -->","protected":false},"excerpt":{"rendered":"<p>Schlie\u00dfen Sie sich&nbsp;Helga Zepp-LaRouche&nbsp;in ihrem w\u00f6chentlichen&nbsp;Live-Dialog&nbsp;an und helfen Sie mit, das Neuen Paradigma f\u00fcr die gesamte Menschheit einzul\u00e4uten. Senden Sie Ihre Fragen, Gedanken und Berichte an&nbsp;fragen@bueso.de&nbsp;oder stellen Sie diese im Live-Stream. Orban versucht es mit Diplomatie, NATO eskaliert Der ungarische Ministerpr\u00e4sident Viktor Orb\u00e1n hat unmittelbar&hellip;<!-- AddThis Advanced Settings generic via filter on get_the_excerpt --><!-- AddThis Share Buttons generic via filter on get_the_excerpt --><\/p>\n","protected":false},"author":34,"featured_media":103398,"comment_status":"open","ping_status":"closed","sticky":false,"template":"","format":"standard","meta":{"_lmt_disableupdate":"no","_lmt_disable":"","footnotes":""},"categories":[537,471,462],"tags":[],"class_list":["post-103386","post","type-post","status-publish","format-standard","has-post-thumbnail","hentry","category-hzl-video-de","category-webcast-de","category-webcast-mit-helga-zepp-larouche"],"featured_image_src":"https:\/\/schillerinstitute.com\/wp-content\/uploads\/2024\/07\/Webcast-Thumbnails-10-Juli-deutsch.jpg","author_info":{"display_name":"madeleine","author_link":"https:\/\/schillerinstitute.com\/de\/blog\/author\/madeleine\/"},"modified_by":"tobi","cc_featured_image_caption":{"caption_text":"","source_text":"","source_url":""},"_links":{"self":[{"href":"https:\/\/schillerinstitute.com\/de\/wp-json\/wp\/v2\/posts\/103386","targetHints":{"allow":["GET"]}}],"collection":[{"href":"https:\/\/schillerinstitute.com\/de\/wp-json\/wp\/v2\/posts"}],"about":[{"href":"https:\/\/schillerinstitute.com\/de\/wp-json\/wp\/v2\/types\/post"}],"author":[{"embeddable":true,"href":"https:\/\/schillerinstitute.com\/de\/wp-json\/wp\/v2\/users\/34"}],"replies":[{"embeddable":true,"href":"https:\/\/schillerinstitute.com\/de\/wp-json\/wp\/v2\/comments?post=103386"}],"version-history":[{"count":5,"href":"https:\/\/schillerinstitute.com\/de\/wp-json\/wp\/v2\/posts\/103386\/revisions"}],"predecessor-version":[{"id":103477,"href":"https:\/\/schillerinstitute.com\/de\/wp-json\/wp\/v2\/posts\/103386\/revisions\/103477"}],"wp:featuredmedia":[{"embeddable":true,"href":"https:\/\/schillerinstitute.com\/de\/wp-json\/wp\/v2\/media\/103398"}],"wp:attachment":[{"href":"https:\/\/schillerinstitute.com\/de\/wp-json\/wp\/v2\/media?parent=103386"}],"wp:term":[{"taxonomy":"category","embeddable":true,"href":"https:\/\/schillerinstitute.com\/de\/wp-json\/wp\/v2\/categories?post=103386"},{"taxonomy":"post_tag","embeddable":true,"href":"https:\/\/schillerinstitute.com\/de\/wp-json\/wp\/v2\/tags?post=103386"}],"curies":[{"name":"wp","href":"https:\/\/api.w.org\/{rel}","templated":true}]}}