{"id":103223,"date":"2024-06-27T11:16:30","date_gmt":"2024-06-27T15:16:30","guid":{"rendered":"https:\/\/schillerinstitute.com\/?p=103223"},"modified":"2024-07-07T12:32:43","modified_gmt":"2024-07-07T16:32:43","slug":"petition-unterstuetzung-der-erklaerung-des-praesidiums-des-ostdeutschen-kuratoriums-der-verbaende-zur-friedensinitiative-von-praesident-putin","status":"publish","type":"post","link":"https:\/\/schillerinstitute.com\/de\/blog\/2024\/06\/27\/petition-unterstuetzung-der-erklaerung-des-praesidiums-des-ostdeutschen-kuratoriums-der-verbaende-zur-friedensinitiative-von-praesident-putin\/","title":{"rendered":"PETITION: Unterst\u00fctzung der Erkl\u00e4rung des Pr\u00e4sidiums des Ostdeutschen Kuratoriums der Verb\u00e4nde zur Friedensinitiative von Pr\u00e4sident Putin"},"content":{"rendered":"\n<p class=\"has-white-color has-vivid-cyan-blue-background-color has-text-color has-background\"><em>Bitte f\u00fcgen Sie Ihre Unterst\u00fctzungsunterschrift auf dem Formluar unter dem Text der <strong>Erkl\u00e4rung des Pr\u00e4sidiums des Ostdeutschen Kuratoriums von Verb\u00e4nden zur Friedensinitiave von Pr\u00e4sident Putin<\/strong> hinzu.<\/em><\/p>\n\n\n\n<p>Juni 2024 \u2013 W\u00e4hrend der 55. Sitzung der Internationalen Friedenskoalition (IPC) wurde der Aufruf des Ostdeutschen Kuratoriums der Verb\u00e4nde (OKV) zur Unterst\u00fctzung der Friedensinitiative von Pr\u00e4sident Putin vom 14. Juni vorgelegt. Die Teilnehmer der IPC, zu denen f\u00fchrende Vertreter von Friedensorganisationen und Amtstr\u00e4ger aus der ganzen Welt geh\u00f6ren, unterst\u00fctzten den Appell mit \u00fcberw\u00e4ltigender Mehrheit und verpflichteten sich, seine sehr wichtige Botschaft zu verbreiten.<\/p>\n\n\n\n<p>Der Appell lautet wie folgt:<\/p>\n\n\n\n<h1 class=\"wp-block-heading\">Erkl\u00e4rung des Pr\u00e4sidiums des Ostdeutschen Kuratoriums von Verb\u00e4nden zur Friedensinitiative von Pr\u00e4sident Putin<\/h1>\n\n\n\n<p>Unser Beitrag ist es, die Friedensinitiative des russischen Pr\u00e4sidenten so zu unterst\u00fctzen, dass sie einen breiten Widerhall erlangt und beitr\u00e4gt, der Vernunft im Interesse der Menschheit zum Durchbruch zu verhelfen.<\/p>\n\n\n\n<p>15.06.2024 Von Pr\u00e4sidium des OKV e.V.<\/p>\n\n\n\n<p><strong>Wir begr\u00fc\u00dfen die erneute Friedensinitiative des Pr\u00e4sidenten der Russischen F\u00f6deration Wladimir Putin, aktuell vorgestellt in seiner&nbsp;<a href=\"https:\/\/seniora.org\/politik-wirtschaft\/friedensvorschlag-an-kiew-putins-komplette-grundsatzrede-zur-russischen-aussenpolitik\" target=\"_blank\" rel=\"noreferrer noopener\">Rede im russischen Au\u00dfenministerium<\/a>&nbsp;am 14.06.2024.&nbsp; Seine Friedensvorschl\u00e4ge basieren auf dem Votum der Bev\u00f6lkerung der vier neuen Regionen sowie den mehrfachen Voten der Menschen auf der Krim. Sie gehen zudem von den Fakten auf dem Gefechtsfeld aus. Sie zeigen die Genese des Ukraine-Konflikts.<\/strong><\/p>\n\n\n\n<p>Diese Friedensinitiative basiert auf der Kontinuit\u00e4t des Friedenswillens Russlands, der bei Abschluss und versuchter Umsetzung von Minsk2 sowie bei der Verhandlungsbereitschaft und dem deshalb vor Abschluss stehenden Vertrag im Fr\u00fchjahr 2022 offen der Welt dokumentiert wurde. Antworten von den verschiedenen Seiten offenbaren der Welt, wer der Aggressor ist, wer stetig eskaliert, wem unz\u00e4hlige Menschenleben gleichg\u00fcltig sind und auch welche Absichten dahinterstehen.<\/p>\n\n\n\n<p>Angesichts des Leids aus Krieg und Aggression und angesichts der Gefahr einer gewaltigen Ausweitung dieses Konfliktes hin zu einem dritten Weltkrieg ist die breite Unterst\u00fctzung dieser Initiative Ausdruck des \u00dcberlebenswillens aller Vernunftbegabten.<\/p>\n\n\n\n<p>Die kriegsl\u00fcsternen profit- und revanchegetriebenen&nbsp;<strong>Rufe, Russland besiegen zu m\u00fcssen<\/strong>, gehen von der irrigen Annahme aus, den Kriegsschauplatz begrenzen zu k\u00f6nnen. Das war beim Ersten und auch beim Zweiten Weltkrieg nicht der Fall. Bei den heutigen Mitteln, die in k\u00fcrzester Zeit jedes Ziel in der Welt erreichen, zeugt auch eine solche Annahme von gewaltiger Fehleinsch\u00e4tzung und Verkennung der Realit\u00e4ten. Die Rufer f\u00fcr einen Krieg und gegen Verhandlungen meinen, m\u00f6glicherweise selbst sichere \u00dcberlebenschancen zu haben.&nbsp;<\/p>\n\n\n\n<p>Unser Beitrag ist es, die Friedensinitiative des russischen Pr\u00e4sidenten so zu unterst\u00fctzen, dass sie einen breiten Widerhall erlangt und beitr\u00e4gt, der Vernunft im Interesse der Menschheit zum Durchbruch zu verhelfen. Dazu rufen wir alle auf, die wir erreichen k\u00f6nnen.<\/p>\n\n\n\n<p>Dieser Gedanke war Grundlage unserer Konferenz \u201eDialog statt Waffen\u201c im M\u00e4rz 2023. Dieser Gedanke war auch Grundlage der internationalen Konferenz des Deutschen Friedensrates e.V. und des OKV e.V. mit Beteiligung von Vertretern europ\u00e4ischer Mitglieder des Weltfriedensrates im September 2023, die wir aktiv unterst\u00fctzten.<\/p>\n\n\n\n<p>Egal welches Parteibuch, welchen Glauben, welche Nationalit\u00e4t ein Jeder besitzt, wir rufen dazu auf, die Friedensinitiative von W. Putin gemeinsam mit uns zu unterst\u00fctzen.<\/p>\n\n\n\n<p>Dr. Matthias Werner<br>Pr\u00e4sident des OKV e.V.<\/p>\n\n\n\n<p><\/p>\n\n\n<p><iframe loading=\"lazy\" width=\"1500\" height=\"1800\" src=\"https:\/\/5d8e173e.sibforms.com\/serve\/MUIFAOI6gBH5vj1LeigkYkGZxXz80ZpAD5xyvcjVIvA9kLr1QJaf61_8nJ2CHb8IcQbmRSMPswNOZ4pIF1-2fb7IGqGiySzzM8KMNkLtwD4fq6ve-7LRHobYWLoFgnay0a4T3g9MJq8DwqtSQRUOkyNdm5xfk3VeBIquYnxndsJjxGKnwK-9fbFITVqqkDa7-smV1PSRhuTKkGlG\" frameborder=\"0\" scrolling=\"auto\" allowfullscreen=\"\" style=\"display: block;margin-left: auto;margin-right: auto;max-width: 100%;\"><\/iframe><\/p><!-- AddThis Advanced Settings generic via filter on the_content --><!-- AddThis Share Buttons generic via filter on the_content -->","protected":false},"excerpt":{"rendered":"<p>Bitte f\u00fcgen Sie Ihre Unterst\u00fctzungsunterschrift auf dem Formluar unter dem Text der Erkl\u00e4rung des Pr\u00e4sidiums des Ostdeutschen Kuratoriums von Verb\u00e4nden zur Friedensinitiave von Pr\u00e4sident Putin hinzu. Juni 2024 \u2013 W\u00e4hrend der 55. Sitzung der Internationalen Friedenskoalition (IPC) wurde der Aufruf des Ostdeutschen Kuratoriums der Verb\u00e4nde&hellip;<!-- AddThis Advanced Settings generic via filter on get_the_excerpt --><!-- AddThis Share Buttons generic via filter on get_the_excerpt --><\/p>\n","protected":false},"author":33,"featured_media":103212,"comment_status":"open","ping_status":"closed","sticky":false,"template":"","format":"standard","meta":{"_lmt_disableupdate":"no","_lmt_disable":"","footnotes":""},"categories":[651,37],"tags":[],"class_list":["post-103223","post","type-post","status-publish","format-standard","has-post-thumbnail","hentry","category-651","category-allgemein-de"],"featured_image_src":"https:\/\/schillerinstitute.com\/wp-content\/uploads\/2024\/06\/Petition-Putins-Friedensplan.jpg","author_info":{"display_name":"tobi","author_link":"https:\/\/schillerinstitute.com\/de\/blog\/author\/tobi\/"},"modified_by":"madeleine","cc_featured_image_caption":{"caption_text":"","source_text":"","source_url":""},"_links":{"self":[{"href":"https:\/\/schillerinstitute.com\/de\/wp-json\/wp\/v2\/posts\/103223","targetHints":{"allow":["GET"]}}],"collection":[{"href":"https:\/\/schillerinstitute.com\/de\/wp-json\/wp\/v2\/posts"}],"about":[{"href":"https:\/\/schillerinstitute.com\/de\/wp-json\/wp\/v2\/types\/post"}],"author":[{"embeddable":true,"href":"https:\/\/schillerinstitute.com\/de\/wp-json\/wp\/v2\/users\/33"}],"replies":[{"embeddable":true,"href":"https:\/\/schillerinstitute.com\/de\/wp-json\/wp\/v2\/comments?post=103223"}],"version-history":[{"count":3,"href":"https:\/\/schillerinstitute.com\/de\/wp-json\/wp\/v2\/posts\/103223\/revisions"}],"predecessor-version":[{"id":103362,"href":"https:\/\/schillerinstitute.com\/de\/wp-json\/wp\/v2\/posts\/103223\/revisions\/103362"}],"wp:featuredmedia":[{"embeddable":true,"href":"https:\/\/schillerinstitute.com\/de\/wp-json\/wp\/v2\/media\/103212"}],"wp:attachment":[{"href":"https:\/\/schillerinstitute.com\/de\/wp-json\/wp\/v2\/media?parent=103223"}],"wp:term":[{"taxonomy":"category","embeddable":true,"href":"https:\/\/schillerinstitute.com\/de\/wp-json\/wp\/v2\/categories?post=103223"},{"taxonomy":"post_tag","embeddable":true,"href":"https:\/\/schillerinstitute.com\/de\/wp-json\/wp\/v2\/tags?post=103223"}],"curies":[{"name":"wp","href":"https:\/\/api.w.org\/{rel}","templated":true}]}}