{"id":102303,"date":"2024-05-07T10:48:52","date_gmt":"2024-05-07T14:48:52","guid":{"rendered":"https:\/\/schillerinstitute.com\/?p=102303"},"modified":"2024-05-07T10:51:40","modified_gmt":"2024-05-07T14:51:40","slug":"live-dialog-mit-helga-zepp-larouche-weltbuerger-aller-laender-vereinigt-euch-mittwoch-8-mai-2024-18-30-uhr","status":"publish","type":"post","link":"https:\/\/schillerinstitute.com\/de\/blog\/2024\/05\/07\/live-dialog-mit-helga-zepp-larouche-weltbuerger-aller-laender-vereinigt-euch-mittwoch-8-mai-2024-18-30-uhr\/","title":{"rendered":"Live-Dialog mit Helga Zepp-LaRouche: \u201eWeltb\u00fcrger aller L\u00e4nder vereinigt Euch!\u201c, Mittwoch, 8. Mai 2024, 18.30 Uhr"},"content":{"rendered":"\n<p class=\"has-drop-cap has-vivid-red-color has-text-color\"><strong>Schlie\u00dfen Sie sich&nbsp;Helga Zepp-LaRouche&nbsp;in ihrem w\u00f6chentlichen&nbsp;Live-Dialog&nbsp;an und helfen Sie mit, das Jahr des Neuen Paradigmas f\u00fcr die gesamte Menschheit einzul\u00e4uten. Senden Sie Ihre Fragen, Gedanken und Berichte an&nbsp;<a rel=\"noreferrer noopener\" href=\"mailto:fragen@bueso.de\" target=\"_blank\">fragen@bueso.de<\/a>&nbsp;oder stellen Sie diese im Live-Stream.<\/strong><\/p>\n\n\n\n<figure class=\"wp-block-embed is-type-video is-provider-youtube wp-block-embed-youtube wp-embed-aspect-16-9 wp-has-aspect-ratio\"><div class=\"wp-block-embed__wrapper\">\n<iframe loading=\"lazy\" title=\"Xi in Europa: Warum reagieren die Medien so hysterisch?\" width=\"960\" height=\"540\" src=\"https:\/\/www.youtube.com\/embed\/XX6nX3PmRLU?feature=oembed\" frameborder=\"0\" allow=\"accelerometer; autoplay; clipboard-write; encrypted-media; gyroscope; picture-in-picture; web-share\" referrerpolicy=\"strict-origin-when-cross-origin\" allowfullscreen><\/iframe>\n<\/div><\/figure>\n\n\n\n<p class=\"has-text-align-center\"><strong>Weht ein neuer Wind im Westen?<\/strong><\/p>\n\n\n\n<p>Inmitten der Schreckensnachricht, dass Israel seine Operationen in Rafah beginnt, der letzten Region des Gazastreifens, die noch nicht von Israel attackiert wurde, manifestiert sich in Europa mit der Ankunft des chinesischen Pr\u00e4sidenten Xi Jinping in Frankreich, Serbien und Ungarn ein anderes Paradigma.<\/p>\n\n\n\n<p>Der chinesische Pr\u00e4sident Xi Jinping h\u00e4lt sich derzeit zu einem zweit\u00e4gigen Besuch in Paris auf, der ein Gipfeltreffen mit Pr\u00e4sident Emmanuel Macron sowie weitere Treffen und Veranstaltungen umfasst. Wie so oft verfasste der Pr\u00e4sident einen Gastkommentar, der in der \u00e4ltesten nationalen Zeitung Frankreichs ver\u00f6ffentlicht wurde und in dem er drei Vorschl\u00e4ge unterbreitete:<\/p>\n\n\n\n<p class=\"has-text-align-center\"><strong>Erstens<\/strong>, dass die Perspektive, die vor 60 Jahren zur Aufnahme diplomatischer Beziehungen zwischen den beiden Nationen gef\u00fchrt hat, im Geiste des Friedens und der Entwicklung wieder aufleben soll;<\/p>\n\n\n\n<p class=\"has-text-align-center\"><strong>zweitens<\/strong>, dass die bilaterale wirtschaftliche Zusammenarbeit ausgeweitet werden soll, z. B. durch neue Verfahren zur Steigerung der Produktivit\u00e4t;<\/p>\n\n\n\n<p class=\"has-text-align-center\"><strong>und drittens<\/strong>, dass man gemeinsam an der Erhaltung von Frieden und Stabilit\u00e4t in der Welt arbeiten soll.<\/p>\n\n\n\n<p>Xi erkl\u00e4rte gegen\u00fcber Reportern, dass er eine internationale Friedenskonferenz zur Ukraine nur dann unterst\u00fctzen werde, wenn sowohl Russland als auch die Ukraine daran teilnehmen. Derzeit gibt es Pl\u00e4ne, Mitte Juni in der Schweiz eine \u201eFriedenskonferenz\u201c ohne Russland abzuhalten. Der Pr\u00e4sident warnte davor, Chinas Bem\u00fchungen um eine friedliche L\u00f6sung der Situation in der Ukraine zu schm\u00e4lern.<\/p>\n\n\n\n<p>Der Westen t\u00e4te gut daran, aus der sich ver\u00e4ndernden Weltdynamik zu lernen, wie es der Pr\u00e4sident der Demokratischen Republik Kongo, F\u00e9lix Tschisekedi, k\u00fcrzlich in einem polemischen Interview mit dem franz\u00f6sischen Fernsehen w\u00e4hrend seines Besuchs in Paris letzte Woche zum Ausdruck brachte.<\/p>\n\n\n\n<p>Der georgische Premierminister wies auf eine besonders eklatante Heuchelei des Westens hin: Regierungen, die Angriffe auf pro-pal\u00e4stinensische Proteste unterst\u00fctzen, w\u00e4hrend sie Polizeiaktionen in anderen L\u00e4ndern anprangern.<\/p>\n\n\n\n<p>Der Hinweis auf die Heuchelei allein bietet noch keine L\u00f6sung. Dagegen sind Chinas Belt and Road Initiative und die Weltlandbr\u00fccke der LaRouche-Bewegung, einschlie\u00dflich ihres besonderen Ausdrucks im Oasenplan, der richtige Weg. Zwei Kandidaten in New York, die <a href=\"https:\/\/www.sareforsenate.com\/\" data-type=\"URL\" data-id=\"https:\/\/www.sareforsenate.com\/\" target=\"_blank\" rel=\"noreferrer noopener\">US-Senatskandidatin Diane Sare<\/a> und der <a href=\"https:\/\/votevega.nyc\/\" data-type=\"URL\" data-id=\"https:\/\/votevega.nyc\/\" target=\"_blank\" rel=\"noreferrer noopener\">Kongresskandidat Jose Vega<\/a>, setzen sich an vorderster Front aktiv f\u00fcr diese Perspektive in den USA ein.<\/p>\n\n\n\n<p class=\"has-drop-cap has-vivid-red-color has-text-color\"><strong>Schlie\u00dfen Sie sich&nbsp;Helga Zepp-LaRouche&nbsp;in ihrem w\u00f6chentlichen&nbsp;Live-Dialog&nbsp;an und helfen Sie mit, das Jahr des Neuen Paradigmas f\u00fcr die gesamte Menschheit einzul\u00e4uten. Senden Sie Ihre Fragen, Gedanken und Berichte an&nbsp;<a rel=\"noreferrer noopener\" href=\"mailto:fragen@bueso.de\" target=\"_blank\">fragen@bueso.de<\/a>&nbsp;oder stellen Sie diese im Live-Stream.<\/strong><\/p>\n\n\n\n<p><\/p>\n<!-- AddThis Advanced Settings generic via filter on the_content --><!-- AddThis Share Buttons generic via filter on the_content -->","protected":false},"excerpt":{"rendered":"<p>Schlie\u00dfen Sie sich&nbsp;Helga Zepp-LaRouche&nbsp;in ihrem w\u00f6chentlichen&nbsp;Live-Dialog&nbsp;an und helfen Sie mit, das Jahr des Neuen Paradigmas f\u00fcr die gesamte Menschheit einzul\u00e4uten. Senden Sie Ihre Fragen, Gedanken und Berichte an&nbsp;fragen@bueso.de&nbsp;oder stellen Sie diese im Live-Stream. Weht ein neuer Wind im Westen? Inmitten der Schreckensnachricht, dass Israel seine&hellip;<!-- AddThis Advanced Settings generic via filter on get_the_excerpt --><!-- AddThis Share Buttons generic via filter on get_the_excerpt --><\/p>\n","protected":false},"author":33,"featured_media":102304,"comment_status":"open","ping_status":"closed","sticky":false,"template":"","format":"standard","meta":{"_lmt_disableupdate":"no","_lmt_disable":"","footnotes":""},"categories":[537,438,471,462],"tags":[],"class_list":["post-102303","post","type-post","status-publish","format-standard","has-post-thumbnail","hentry","category-hzl-video-de","category-helga-zepp-larouche-de","category-webcast-de","category-webcast-mit-helga-zepp-larouche"],"featured_image_src":"https:\/\/schillerinstitute.com\/wp-content\/uploads\/2024\/05\/Webcast-8.-Mai-deutsch.jpg","author_info":{"display_name":"tobi","author_link":"https:\/\/schillerinstitute.com\/de\/blog\/author\/tobi\/"},"modified_by":"tobi","cc_featured_image_caption":{"caption_text":"","source_text":"","source_url":""},"_links":{"self":[{"href":"https:\/\/schillerinstitute.com\/de\/wp-json\/wp\/v2\/posts\/102303","targetHints":{"allow":["GET"]}}],"collection":[{"href":"https:\/\/schillerinstitute.com\/de\/wp-json\/wp\/v2\/posts"}],"about":[{"href":"https:\/\/schillerinstitute.com\/de\/wp-json\/wp\/v2\/types\/post"}],"author":[{"embeddable":true,"href":"https:\/\/schillerinstitute.com\/de\/wp-json\/wp\/v2\/users\/33"}],"replies":[{"embeddable":true,"href":"https:\/\/schillerinstitute.com\/de\/wp-json\/wp\/v2\/comments?post=102303"}],"version-history":[{"count":3,"href":"https:\/\/schillerinstitute.com\/de\/wp-json\/wp\/v2\/posts\/102303\/revisions"}],"predecessor-version":[{"id":102317,"href":"https:\/\/schillerinstitute.com\/de\/wp-json\/wp\/v2\/posts\/102303\/revisions\/102317"}],"wp:featuredmedia":[{"embeddable":true,"href":"https:\/\/schillerinstitute.com\/de\/wp-json\/wp\/v2\/media\/102304"}],"wp:attachment":[{"href":"https:\/\/schillerinstitute.com\/de\/wp-json\/wp\/v2\/media?parent=102303"}],"wp:term":[{"taxonomy":"category","embeddable":true,"href":"https:\/\/schillerinstitute.com\/de\/wp-json\/wp\/v2\/categories?post=102303"},{"taxonomy":"post_tag","embeddable":true,"href":"https:\/\/schillerinstitute.com\/de\/wp-json\/wp\/v2\/tags?post=102303"}],"curies":[{"name":"wp","href":"https:\/\/api.w.org\/{rel}","templated":true}]}}