{"id":101891,"date":"2024-04-13T07:32:05","date_gmt":"2024-04-13T11:32:05","guid":{"rendered":"https:\/\/schillerinstitute.com\/?p=101891"},"modified":"2024-04-28T08:30:39","modified_gmt":"2024-04-28T12:30:39","slug":"die-tragoedie-der-geopolitik-ueberwinden-ein-bericht-vom-45-treffen-der-internationalen-friedenskoalition","status":"publish","type":"post","link":"https:\/\/schillerinstitute.com\/de\/blog\/2024\/04\/13\/die-tragoedie-der-geopolitik-ueberwinden-ein-bericht-vom-45-treffen-der-internationalen-friedenskoalition\/","title":{"rendered":"Die Trag\u00f6die der Geopolitik \u00fcberwinden &#8211; Ein Bericht vom 45. Treffen der Internationalen Friedenskoalition"},"content":{"rendered":"\n<p><em>von Kevin Gribbroek<\/em><\/p>\n\n\n\n<figure class=\"wp-block-pullquote\"><blockquote><p>W<em>enn ich einhalten w\u00fcrde, um dar\u00fcber nachzudenken, was in jedem Teil der Welt vor sich geht, h\u00e4tte ich nur Zeit zum Weinen. Deshalb mu\u00df ich etwas tun, um zu handeln.<\/em><\/p><cite><em>Lyndon LaRouche (1922-2019)<\/em><\/cite><\/blockquote><\/figure>\n\n\n\n<p>Am Vorabend der historischen <a href=\"https:\/\/schillerinstitute.com\/de\/blog\/2024\/03\/12\/internetkonferenz-der-oasenplan-die-larouche-loesung-fuer-frieden-durch-entwicklung\/\" data-type=\"URL\" data-id=\"https:\/\/schillerinstitute.com\/de\/blog\/2024\/03\/12\/internetkonferenz-der-oasenplan-die-larouche-loesung-fuer-frieden-durch-entwicklung\/\" target=\"_blank\" rel=\"noreferrer noopener\">Oasenplan-Konferenz<\/a> des Schiller-Instituts veranstaltete die Internationale Friedenskoalition (IPC) am 12. April ihr w\u00f6chentliches Internettreffen &#8211; das 45. in Folge, eine au\u00dfergew\u00f6hnliche und sehr wichtige Leistung angesichts der prek\u00e4ren Weltlage. Ein Hauptthema des Treffens war die Frage, warum ein neues Paradigma von \u201eFrieden durch Entwicklung\u201c der einzige Weg ist, um die gro\u00dfen geopolitischen Krisenherde der Welt, die sehr schnell den Dritten Weltkrieg ausl\u00f6sen k\u00f6nnten, zu entsch\u00e4rfen. Ein besonderer Schwerpunkt lag dabei auf dem Ukraine-Krieg, auf S\u00fcdwestasien und auf den wachsenden Spannungen im S\u00fcdchinesischen Meer.<\/p>\n\n\n\n<p>Hauptredner dieser Woche waren:<\/p>\n\n\n\n<p><em><strong>&#8211; Helga Zepp-LaRouche,<\/strong><\/em> Gr\u00fcnderin des Schiller-Instituts,<\/p>\n\n\n\n<p><em><strong>&#8211; Dr. George Koo,<\/strong><\/em> Wirtschaftsberater i.R., spezialisiert auf den Handel zwischen den USA und China, und Vorsitzender der Burlingame Foundation,<\/p>\n\n\n\n<p><em><strong>&#8211; Rub\u00e9n Guzzetti,<\/strong><\/em> Argentinisches Institut f\u00fcr geopolitische Studien (IADEG),<\/p>\n\n\n\n<p><em><strong>&#8211; Coleen Rowley,<\/strong><\/em> ehemalige FBI-Spezialagentin und Whistleblowerin,<\/p>\n\n\n\n<p><em><strong>&#8211; Ray McGovern,<\/strong><\/em> ehemaliger Analytiker der Central Intelligence Agency (CIA).<\/p>\n\n\n\n<p>Helga Zepp-LaRouche, die Gr\u00fcnderin des Schiller-Instituts und Mitbegr\u00fcnderin der IPC, begann die Veranstaltung mit einem strategischen \u00dcberblick \u00fcber die gef\u00e4hrliche Zuspitzung der Auseinandersetzung zwischen den Anglo-Amerikanern und ihren Satelliten auf der einen Seite und der Kombination Ru\u00dfland-China-Iran auf der anderen Seite. Die akuteste Gefahr sei die eines Krieges zwischen Israel und dem Iran, ausgel\u00f6st durch Israels Raketenangriff auf die iranische Botschaft im syrischen Damaskus am 1. April. Das k\u00f6nne schnell zu einem weltweiten Krieg eskalieren.<\/p>\n\n\n\n<p>Zepp-LaRouche rief die IPC-Teilnehmer auf, mit aller Kraft f\u00fcr die Oasenplan-Konferenz zu mobilisieren, die zu keinem besseren Zeitpunkt stattfinden k\u00f6nne. Sie betonte:<\/p>\n\n\n\n<figure class=\"wp-block-pullquote\"><blockquote><p>Wenn wir nicht zu dem neuen Paradigma gelangen, \u00fcber das wir von Anfang an gesprochen haben &#8211; n\u00e4mlich die \u00dcberwindung der Geopolitik durch eine Architektur f\u00fcr Sicherheit und Entwicklung, die alle L\u00e4nder der Erde einbezieht -, werden sich die Schaupl\u00e4tze potentieller Kriege nur von einem Krisenherd zum n\u00e4chsten verschieben\u2026 Das sollte uns also in unseren Bem\u00fchungen best\u00e4rken, wirklich f\u00fcr eine Friedensl\u00f6sung zu k\u00e4mpfen, die f\u00fcr alle Seiten gerecht sein mu\u00df. Denn die Lehre aus dem Westf\u00e4lischen Frieden ist, da\u00df ein Frieden nicht funktionieren kann, wenn er nicht gerecht ist und die Interessen aller ber\u00fccksichtigt.<\/p><cite>Helga Zepp-LaRouche <\/cite><\/blockquote><\/figure>\n\n\n\n<p>Der n\u00e4chste Redner, Dr. George Koo, konzentrierte sich auf die Entwicklungen in der \u201epazifischen Arena\u201c. Er berichtete \u00fcber ein sehr positives Ereignis, den k\u00fcrzlichen Besuch des ehemaligen taiwanesischen Pr\u00e4sidenten Ma Ying-jeou auf dem chinesischen Festland mit einer Jugenddelegation. Nach einem ausgezeichnet verlaufenen Treffen Mas mit Pr\u00e4sident Xi Jinping in Peking habe Xi gesagt: \u201eSchlie\u00dflich h\u00e4ngt die Zukunft Taiwans und des Festlands von der jungen Generation ab. &#8230;. Ma Ying-jeou kann jederzeit eine weitere Gruppe mitbringen.\u201c Koo verglich diesen Besuch mit der j\u00fcngsten Reise von US-Finanzministerin Janet Yellen nach Peking, wo sie Chinas \u201e\u00dcberkapazit\u00e4ten\u201c in der Produktion kritisierte. Dies sei das Eingest\u00e4ndnis der USA, da\u00df sie mit China nicht mehr konkurrieren k\u00f6nnen. Koo warnte davor, da\u00df die Vereinigten Staaten ihre \u201ebraven Scho\u00dfh\u00fcndchen\u201c Japan, S\u00fcdkorea und Philippinen als Stellvertreter gegen China einsetzen k\u00f6nnten. Pr\u00e4sident Xi bluffe genausowenig wie Pr\u00e4sident Putin und werde aktiv Ma\u00dfnahmen ergreifen, um Chinas nationale Souver\u00e4nit\u00e4t zu sch\u00fctzen.<\/p>\n\n\n\n<p>Rub\u00e9n Guzzetti bekr\u00e4ftigte die volle Solidarit\u00e4t des IADEG-Instituts mit dem Schiller-Institut und die Unterst\u00fctzung f\u00fcr dessen Initiativen \u201egegen den Ansturm der westlichen M\u00e4chte, der uns in eine Sackgasse f\u00fchrt\u201c. Anschlie\u00dfend berichtete er \u00fcber die Geschichte der westlichen Politik zur Unterwerfung der V\u00f6lker S\u00fcdamerikas, beginnend mit der britischen Invasion und Besetzung von Buenos Aires 1806-07. Das habe sich nach dem Zweiten Weltkrieg mit der Konsolidierung der USA als \u201eneues westliches Empire\u201c noch verst\u00e4rkt. Heute h\u00e4tten die Anglo-Amerikaner 77 Milit\u00e4rst\u00fctzpunkte in S\u00fcdamerika. Die Wahl von Javier Milei zum Pr\u00e4sidenten Argentiniens habe die T\u00fcr f\u00fcr die Unterwanderung des Kontinents durch die USA und die NATO weiter ge\u00f6ffnet, aber das IADEG habe einen Plan, um diese Regierung zu bek\u00e4mpfen, und werde am 9. Mai eine landesweite Mobilisierung organisieren.<\/p>\n\n\n\n<p>Coleen Rowley, ehemalige FBI-Agentin, Rechtsexpertin und Whistleblowerin, berichtete, da\u00df sie an der <a href=\"https:\/\/freedomflotilla.org\/2024\/04\/04\/civilian-aid-flotilla\/\" data-type=\"URL\" data-id=\"https:\/\/freedomflotilla.org\/2024\/04\/04\/civilian-aid-flotilla\/\" target=\"_blank\" rel=\"noreferrer noopener\">Freedom Flotilla Coalition<\/a> teilnehmen wird, bei der Freiwillige mit Hilfsschiffen mit 5500 Tonnen Lebensmitteln und Medikamenten zur K\u00fcste des Gazastreifens fahren werden, um den Pal\u00e4stinensern zu helfen. Sie bat die IPC-Teilnehmer, nach Kr\u00e4ften zu helfen, um die Nachricht von der \u201eFreiheits-Flottille\u201c zu verbreiten. Auch wenn Israel schon viele Mitarbeiter von Hilfsorganisationen get\u00f6tet habe, k\u00f6nne es nach dem Urteil des Internationalen Gerichtshofs (IGH) gelingen, Israel durch ein Maximum an \u00d6ffentlichkeit f\u00fcr die Mission der Flottille zum Einlenken zu bewegen. In der Vergangenheit habe Israel Menschen, die sich an solchen Hilfsaktionen beteiligten, manchmal get\u00f6tet und oft gefangengenommen &#8211; doch Rowley und ihre Mitstreiter sind bereit, dieses Risiko einzugehen: \u201eWenn wir die Belagerung des Gazastreifens beenden k\u00f6nnen, kann das ein erster Schritt zu einer friedlichen Entwicklung im Rest der Welt sein.\u201c Zepp-LaRouche versprach, daf\u00fcr zu sorgen, da\u00df die Nachricht von der Flottille t\u00e4glich international verbreitet wird, um die Augen der Welt auf diese mutige Initiative zu lenken.<\/p>\n\n\n\n<p>Der letzte Redner Ray McGovern fragte: \u201eWarum besteht Pr\u00e4sident Joe Biden darauf, den Rest der Welt herauszufordern, darunter zwei gro\u00dfe Atomm\u00e4chte?\u201c Biden selbst habe das k\u00fcrzlich in einem Interview in der Sendung <em>60 Minutes <\/em>beantwortet: Auf die Frage, ob er es f\u00fcr unklug halte, in einen Zweifrontenkrieg verwickelt zu werden, antwortete er: \u201eWir sind die Vereinigten Staaten von Amerika &#8211; das m\u00e4chtigste Land in der Geschichte der Welt!\u201c Das sei Wahnsinn, kommentierte McGovern. Alle sollten hoffen und beten, da\u00df es seiner guten Freundin Coleen Rowley und der Flottille gelingt, die Lebensmittel und Medikamente nach Gaza zu bringen.<\/p>\n\n\n\n<p>Die Diskussion er\u00f6ffnete dann Dennis Small vom Schiller-Institut mit der Nachricht, da\u00df die s\u00fcdafrikanische Botschaft in Mexiko soeben eine Einladung zur Oasenplan-Konferenz auf <a href=\"https:\/\/www.facebook.com\/story.php?story_fbid=849619507210766&amp;id=100064881722247&amp;mibextid=WC7FNe&amp;rdid=5yr0bdr1oGF4oWtH und\" data-type=\"URL\" data-id=\"https:\/\/www.facebook.com\/story.php?story_fbid=849619507210766&amp;id=100064881722247&amp;mibextid=WC7FNe&amp;rdid=5yr0bdr1oGF4oWtH und\" target=\"_blank\" rel=\"noreferrer noopener\">Facebook <\/a>und <a rel=\"noreferrer noopener\" href=\"https:\/\/twitter.com\/DeSudafricaenMX\/status\/1778816012210602472?t=lk0axuaJbF9xUBhz-nr2JA&amp;s=19\" data-type=\"URL\" data-id=\"https:\/\/twitter.com\/DeSudafricaenMX\/status\/1778816012210602472?t=lk0axuaJbF9xUBhz-nr2JA&amp;s=19\" target=\"_blank\">X<\/a>  ver\u00f6ffentlicht hat . S\u00fcdafrikas Botschafterin in Mexiko, Beryl Rose Sisulu, wird selbst auf der Konferenz sprechen.<\/p>\n\n\n\n<p>Bolivar T\u00e9lles, Leiter der mittelamerikanisch-karibischen Organisation Critical Thought in Nicaragua, berichtete \u00fcber die Klage seines Landes gegen Deutschland vor dem IGH, in der Berlin beschuldigt wird, durch die milit\u00e4rische Unterst\u00fctzung Israels gegen die V\u00f6lkermordkonvention zu versto\u00dfen. Deutschland weise die Vorw\u00fcrfe nachdr\u00fccklich zur\u00fcck.<\/p>\n\n\n\n<p>Zepp-LaRouche griff T\u00e9lles&#8216; Bericht auf und sagte, die harsche Zur\u00fcckweisung der Vorw\u00fcrfe durch die deutsche Regierung sei \u201etragisch\u201c. Deutschland trage nicht die alleinige Verantwortung f\u00fcr den Holocaust, wenn man an die internationale Unterst\u00fctzung f\u00fcr Hitler denke. Und die \u201eKollektivschuld\u201c werde als Mittel benutzt, um die Deutschen zu manipulieren, damit sie ohne R\u00fccksicht auf die Umst\u00e4nde Israel unterst\u00fctzen. Da der Globale S\u00fcden zunehmend \u00fcberzeugt sei, da\u00df an den Pal\u00e4stinensern ein V\u00f6lkermord ver\u00fcbt wird, w\u00fcrden Deutschland, die USA und die EU, wenn sie Israels Massenmord an der Zivilbev\u00f6lkerung weiter unterst\u00fctzen, vom Rest der Welt isoliert. Das sei eine Trag\u00f6die, weil ein neues Wirtschaftssystem ohne Amerika und Europa nicht funktionieren k\u00f6nne. \u201eEs schafft den Keim einer geopolitischen Katastrophe.\u201c<\/p>\n\n\n\n<p>Aber dies k\u00f6nne man \u00e4ndern, schlo\u00df sie, \u201eweil wir die \u00fcberw\u00e4ltigende Mehrheit der Menschen der Welt auf unserer Seite haben\u201c. Die Oasenplan-Konferenz sei der Ausgangspunkt einer \u201eechten Revolution\u201c, um eine neue \u00c4ra des Friedens durch Entwicklung einzuleiten, \u201edenn nichts anderes wird das Problem l\u00f6sen\u201c.<\/p>\n<!-- AddThis Advanced Settings generic via filter on the_content --><!-- AddThis Share Buttons generic via filter on the_content -->","protected":false},"excerpt":{"rendered":"<p>von Kevin Gribbroek Wenn ich einhalten w\u00fcrde, um dar\u00fcber nachzudenken, was in jedem Teil der Welt vor sich geht, h\u00e4tte ich nur Zeit zum Weinen. Deshalb mu\u00df ich etwas tun, um zu handeln. Lyndon LaRouche (1922-2019) Am Vorabend der historischen Oasenplan-Konferenz des Schiller-Instituts veranstaltete die&hellip;<!-- AddThis Advanced Settings generic via filter on get_the_excerpt --><!-- AddThis Share Buttons generic via filter on get_the_excerpt --><\/p>\n","protected":false},"author":34,"featured_media":101488,"comment_status":"open","ping_status":"closed","sticky":false,"template":"","format":"standard","meta":{"_lmt_disableupdate":"no","_lmt_disable":"","footnotes":""},"categories":[651,526,801],"tags":[],"class_list":["post-101891","post","type-post","status-publish","format-standard","has-post-thumbnail","hentry","category-651","category-activity-de","category-internationale-friedenskoalition"],"featured_image_src":"https:\/\/schillerinstitute.com\/wp-content\/uploads\/2024\/03\/pngtree-dove-of-peace-white-dove-olive-branch-white-illustration-png-image_13534001-e1711716784105.png","author_info":{"display_name":"madeleine","author_link":"https:\/\/schillerinstitute.com\/de\/blog\/author\/madeleine\/"},"modified_by":"madeleine","cc_featured_image_caption":{"caption_text":"","source_text":"","source_url":""},"_links":{"self":[{"href":"https:\/\/schillerinstitute.com\/de\/wp-json\/wp\/v2\/posts\/101891","targetHints":{"allow":["GET"]}}],"collection":[{"href":"https:\/\/schillerinstitute.com\/de\/wp-json\/wp\/v2\/posts"}],"about":[{"href":"https:\/\/schillerinstitute.com\/de\/wp-json\/wp\/v2\/types\/post"}],"author":[{"embeddable":true,"href":"https:\/\/schillerinstitute.com\/de\/wp-json\/wp\/v2\/users\/34"}],"replies":[{"embeddable":true,"href":"https:\/\/schillerinstitute.com\/de\/wp-json\/wp\/v2\/comments?post=101891"}],"version-history":[{"count":5,"href":"https:\/\/schillerinstitute.com\/de\/wp-json\/wp\/v2\/posts\/101891\/revisions"}],"predecessor-version":[{"id":101896,"href":"https:\/\/schillerinstitute.com\/de\/wp-json\/wp\/v2\/posts\/101891\/revisions\/101896"}],"wp:featuredmedia":[{"embeddable":true,"href":"https:\/\/schillerinstitute.com\/de\/wp-json\/wp\/v2\/media\/101488"}],"wp:attachment":[{"href":"https:\/\/schillerinstitute.com\/de\/wp-json\/wp\/v2\/media?parent=101891"}],"wp:term":[{"taxonomy":"category","embeddable":true,"href":"https:\/\/schillerinstitute.com\/de\/wp-json\/wp\/v2\/categories?post=101891"},{"taxonomy":"post_tag","embeddable":true,"href":"https:\/\/schillerinstitute.com\/de\/wp-json\/wp\/v2\/tags?post=101891"}],"curies":[{"name":"wp","href":"https:\/\/api.w.org\/{rel}","templated":true}]}}