{"id":101146,"date":"2024-03-12T13:37:31","date_gmt":"2024-03-12T17:37:31","guid":{"rendered":"https:\/\/schillerinstitute.com\/?p=101146"},"modified":"2024-03-12T17:27:57","modified_gmt":"2024-03-12T21:27:57","slug":"live-dialog-mit-helga-zepp-larouche-weltbuerger-aller-laender-vereinigt-euch-mittwoch-13-maerz-2024-18-30-uhr","status":"publish","type":"post","link":"https:\/\/schillerinstitute.com\/de\/blog\/2024\/03\/12\/live-dialog-mit-helga-zepp-larouche-weltbuerger-aller-laender-vereinigt-euch-mittwoch-13-maerz-2024-18-30-uhr\/","title":{"rendered":"Live-Dialog mit Helga Zepp-LaRouche: \u201eWeltb\u00fcrger aller L\u00e4nder vereinigt Euch!\u201c, Mittwoch, 13. M\u00e4rz  2024, 18.30 Uhr"},"content":{"rendered":"\n<p class=\"has-drop-cap has-vivid-red-color has-text-color\"><strong>Schlie\u00dfen Sie sich&nbsp;Helga Zepp-LaRouche&nbsp;in ihrem w\u00f6chentlichen&nbsp;Live-Dialog&nbsp;an und helfen Sie mit, das Jahr des Neuen Paradigmas f\u00fcr die gesamte Menschheit einzul\u00e4uten. Senden Sie Ihre Fragen, Gedanken und Berichte an&nbsp;<a rel=\"noreferrer noopener\" href=\"mailto:fragen@bueso.de\" target=\"_blank\">fragen@bueso.de<\/a>&nbsp;oder stellen Sie diese im Live-Stream.<\/strong><\/p>\n\n\n\n<figure class=\"wp-block-embed is-type-video is-provider-youtube wp-block-embed-youtube wp-embed-aspect-16-9 wp-has-aspect-ratio\"><div class=\"wp-block-embed__wrapper\">\n<iframe loading=\"lazy\" title=\"Das T\u00f6ten stoppen und Frieden schaffen!\" width=\"960\" height=\"540\" src=\"https:\/\/www.youtube.com\/embed\/EDxWHaF2kDg?feature=oembed\" frameborder=\"0\" allow=\"accelerometer; autoplay; clipboard-write; encrypted-media; gyroscope; picture-in-picture; web-share\" allowfullscreen><\/iframe>\n<\/div><\/figure>\n\n\n\n<p><\/p>\n\n\n\n<h3 class=\"has-text-align-center wp-block-heading\">Den Mut aufbringen, sich der Wahrheit zu stellen<\/h3>\n\n\n\n<p>Das abgeh\u00f6rte Gespr\u00e4ch der vier Luftwaffen-Offiziere \u00fcber den m\u00f6glichen Einsatz des Taurus demonstriert, wie gef\u00e4hrlich nahe wir an einer Eskalation sind, die v\u00f6llig aus dem Ruder laufen kann. Noch h\u00e4lt Bundeskanzler Scholz dagegen, aber wird er dem kombinierten Druck von au\u00dfen, &#8211; sprich Cameron- , und innen,- den Falken in der Koalition und Opposition- standhalten? Das sich vor den Augen der Welt\u00f6ffentlichkeit eine Katastrophe abspielen kann wie in Gaza, zeigt dass wir als Menschheit in eine existentielle moralische Krise gest\u00fcrzt sind.<br><\/p>\n\n\n\n<p> Wir sind heute n\u00e4her an einem globalen Atomkrieg, als jemals in der Geschichte der Menschheit, und es gibt warnende Stimmen, die eine andere Politik verlangen. In den USA ging beispielsweise am 7. M\u00e4rz ein Brief von Hunderten von Rabbinern und Kantoren an Pr\u00e4sident Biden, in dem die USA aufgefordert werden, Premierminister Benjamin Netanjahu nicht l\u00e4nger zu unterst\u00fctzen. \u201eEs gibt keine milit\u00e4rische L\u00f6sung\u201c f\u00fcr den Gazastreifen, schreiben sie.<\/p>\n\n\n\n<p>Doch das T\u00f6ten und die Zerst\u00f6rung gehen weiter. Die Verantwortlichen haben nichts aus den Lektionen ihrer milit\u00e4rischen und aufst\u00e4ndischen \u201eInterventionen\u201c gelernt, die in Afghanistan, Irak, Libyen, Syrien, Gaza und anderen L\u00e4ndern zu riesigen Zerst\u00f6rungen gef\u00fchrt haben. Der bekannte Journalist Simon Jenkins schrieb letzte Woche: \u201eDie krasse Ungeschicklichkeit eines Vierteljahrhunderts westlicher Milit\u00e4rinterventionen h\u00e4tte uns einige Lektionen lehren m\u00fcssen. Offenbar nicht.\u201c (\u201eNATO Is Growing Restless over Ukraine, and Russia\u2018s German Military Leak Proves It,&#8220; The Guardian March 5).<\/p>\n\n\n\n<p>Worauf wir uns verlassen k\u00f6nnen, ist, dass die Intervention, den <a href=\"https:\/\/schillerinstitute.com\/de\/blog\/2024\/02\/14\/petition-unterstuetzung-des-larouche-oasenplans-fuer-frieden-und-entwicklung-in-suedwestasien\/\" data-type=\"URL\" data-id=\"https:\/\/schillerinstitute.com\/de\/blog\/2024\/02\/14\/petition-unterstuetzung-des-larouche-oasenplans-fuer-frieden-und-entwicklung-in-suedwestasien\/\" target=\"_blank\" rel=\"noreferrer noopener\">\u201eOasis Plan\u201c<\/a> Ansatz der gegenseitigen wirtschaftlichen Entwicklung zu verbreiten, erfolgreich sein wird.<\/p>\n\n\n\n<p>Das Schiller-Institut hat heute die <a href=\"https:\/\/schillerinstitute.com\/de\/blog\/2024\/03\/12\/internetkonferenz-der-oasenplan-die-larouche-loesung-fuer-frieden-durch-entwicklung\/\" data-type=\"URL\" data-id=\"https:\/\/schillerinstitute.com\/de\/blog\/2024\/03\/12\/internetkonferenz-der-oasenplan-die-larouche-loesung-fuer-frieden-durch-entwicklung\/\" target=\"_blank\" rel=\"noreferrer noopener\">folgende Einladung<\/a> zu seiner internationalen (Online-) Konferenz am 13. April ver\u00f6ffentlicht.<\/p>\n\n\n\n<p class=\"has-drop-cap has-vivid-red-color has-text-color\"><strong>Schlie\u00dfen Sie sich&nbsp;Helga Zepp-LaRouche&nbsp;in ihrem w\u00f6chentlichen&nbsp;Live-Dialog&nbsp;an und helfen Sie mit, das Jahr des Neuen Paradigmas f\u00fcr die gesamte Menschheit einzul\u00e4uten. Senden Sie Ihre Fragen, Gedanken und Berichte an&nbsp;<a rel=\"noreferrer noopener\" href=\"mailto:fragen@bueso.de\" target=\"_blank\">fragen@bueso.de<\/a>&nbsp;oder stellen Sie diese im Live-Stream.<\/strong><\/p>\n\n\n\n<p><\/p>\n<!-- AddThis Advanced Settings generic via filter on the_content --><!-- AddThis Share Buttons generic via filter on the_content -->","protected":false},"excerpt":{"rendered":"<p>Schlie\u00dfen Sie sich&nbsp;Helga Zepp-LaRouche&nbsp;in ihrem w\u00f6chentlichen&nbsp;Live-Dialog&nbsp;an und helfen Sie mit, das Jahr des Neuen Paradigmas f\u00fcr die gesamte Menschheit einzul\u00e4uten. Senden Sie Ihre Fragen, Gedanken und Berichte an&nbsp;fragen@bueso.de&nbsp;oder stellen Sie diese im Live-Stream. Den Mut aufbringen, sich der Wahrheit zu stellen Das abgeh\u00f6rte Gespr\u00e4ch der&hellip;<!-- AddThis Advanced Settings generic via filter on get_the_excerpt --><!-- AddThis Share Buttons generic via filter on get_the_excerpt --><\/p>\n","protected":false},"author":33,"featured_media":99340,"comment_status":"open","ping_status":"closed","sticky":false,"template":"","format":"standard","meta":{"_lmt_disableupdate":"no","_lmt_disable":"","footnotes":""},"categories":[537,438,471,462],"tags":[],"class_list":["post-101146","post","type-post","status-publish","format-standard","has-post-thumbnail","hentry","category-hzl-video-de","category-helga-zepp-larouche-de","category-webcast-de","category-webcast-mit-helga-zepp-larouche"],"featured_image_src":"https:\/\/schillerinstitute.com\/wp-content\/uploads\/2023\/10\/webcast-wp-thumbnai-e1697561061965.jpg","author_info":{"display_name":"tobi","author_link":"https:\/\/schillerinstitute.com\/de\/blog\/author\/tobi\/"},"modified_by":"tobi","cc_featured_image_caption":{"caption_text":"","source_text":"","source_url":""},"_links":{"self":[{"href":"https:\/\/schillerinstitute.com\/de\/wp-json\/wp\/v2\/posts\/101146","targetHints":{"allow":["GET"]}}],"collection":[{"href":"https:\/\/schillerinstitute.com\/de\/wp-json\/wp\/v2\/posts"}],"about":[{"href":"https:\/\/schillerinstitute.com\/de\/wp-json\/wp\/v2\/types\/post"}],"author":[{"embeddable":true,"href":"https:\/\/schillerinstitute.com\/de\/wp-json\/wp\/v2\/users\/33"}],"replies":[{"embeddable":true,"href":"https:\/\/schillerinstitute.com\/de\/wp-json\/wp\/v2\/comments?post=101146"}],"version-history":[{"count":5,"href":"https:\/\/schillerinstitute.com\/de\/wp-json\/wp\/v2\/posts\/101146\/revisions"}],"predecessor-version":[{"id":101166,"href":"https:\/\/schillerinstitute.com\/de\/wp-json\/wp\/v2\/posts\/101146\/revisions\/101166"}],"wp:featuredmedia":[{"embeddable":true,"href":"https:\/\/schillerinstitute.com\/de\/wp-json\/wp\/v2\/media\/99340"}],"wp:attachment":[{"href":"https:\/\/schillerinstitute.com\/de\/wp-json\/wp\/v2\/media?parent=101146"}],"wp:term":[{"taxonomy":"category","embeddable":true,"href":"https:\/\/schillerinstitute.com\/de\/wp-json\/wp\/v2\/categories?post=101146"},{"taxonomy":"post_tag","embeddable":true,"href":"https:\/\/schillerinstitute.com\/de\/wp-json\/wp\/v2\/tags?post=101146"}],"curies":[{"name":"wp","href":"https:\/\/api.w.org\/{rel}","templated":true}]}}