{"id":100374,"date":"2024-01-15T07:04:12","date_gmt":"2024-01-15T12:04:12","guid":{"rendered":"https:\/\/schillerinstitute.com\/?p=100374"},"modified":"2024-01-15T11:21:53","modified_gmt":"2024-01-15T16:21:53","slug":"botschaft-der-solidarite-et-progres-an-die-deutschen-landwirte","status":"publish","type":"post","link":"https:\/\/schillerinstitute.com\/de\/blog\/2024\/01\/15\/botschaft-der-solidarite-et-progres-an-die-deutschen-landwirte\/","title":{"rendered":"Botschaft von Jacques Cheminade an die deutschen Landwirte"},"content":{"rendered":"\n<p>Unsere franz\u00f6sische Organisation, <a href=\"https:\/\/solidariteetprogres.fr\/\" data-type=\"URL\" data-id=\"https:\/\/solidariteetprogres.fr\/\" target=\"_blank\" rel=\"noreferrer noopener\"><strong>Solidarit\u00e9 et Progr\u00e8s<\/strong><\/a>, unterst\u00fctzt Ihre Mobilisierung und Ihren Kampf f\u00fcr das erste aller Menschenrechte, das Recht auf Nahrung. \u00dcber Ihre notwendigen Forderungen gegen die zerst\u00f6rerischen Ma\u00dfnahmen der Europ\u00e4ischen Union und Ihrer wahnsinnigen Regierung hinaus, verk\u00f6rpern Sie die Sache der Menschlichkeit.<\/p>\n\n\n\n<p>Weil Sie an vorderster Front gegen die Finanzkartelle und die internationale Oligarchie stehen und auch, weil Sie eine geschlossene Front bilden, die von der Bev\u00f6lkerung Deutschlands und m\u00f6glicherweise ganz Europas unterst\u00fctzt wird.<\/p>\n\n\n\n<p>Ihre Traktoren rollen f\u00fcr uns alle, die Weltb\u00fcrger.<\/p>\n\n\n\n<p>Wir sind der festen \u00dcberzeugung, da\u00df das B\u00fcndnis der Arbeiter in unseren westlichen Nationen und den Nationen des Globalen S\u00fcdens bald die globale Mehrheit sein wird, die das gemeinsame Schicksal der Menschheit inspiriert, vorausgesetzt, wir k\u00e4mpfen weiter so wie ihr es jetzt tut.<\/p>\n\n\n\n<p>Sie ebnen den Weg, la\u00dft uns ihn gemeinsam f\u00fcr das Gemeinwohl und unsere zuk\u00fcnftigen Generationen gehen.<\/p>\n\n\n\n<p><strong>Jacques Cheminade<\/strong><\/p>\n\n\n\n<p><strong>Pr\u00e4sident von Solidarit\u00e9 et Progr\u00e8s<\/strong><\/p>\n<!-- AddThis Advanced Settings generic via filter on the_content --><!-- AddThis Share Buttons generic via filter on the_content -->","protected":false},"excerpt":{"rendered":"<p>Unsere franz\u00f6sische Organisation, Solidarit\u00e9 et Progr\u00e8s, unterst\u00fctzt Ihre Mobilisierung und Ihren Kampf f\u00fcr das erste aller Menschenrechte, das Recht auf Nahrung. \u00dcber Ihre notwendigen Forderungen gegen die zerst\u00f6rerischen Ma\u00dfnahmen der Europ\u00e4ischen Union und Ihrer wahnsinnigen Regierung hinaus, verk\u00f6rpern Sie die Sache der Menschlichkeit. Weil Sie&hellip;<!-- AddThis Advanced Settings generic via filter on get_the_excerpt --><!-- AddThis Share Buttons generic via filter on get_the_excerpt --><\/p>\n","protected":false},"author":34,"featured_media":100376,"comment_status":"open","ping_status":"closed","sticky":false,"template":"","format":"standard","meta":{"_lmt_disableupdate":"no","_lmt_disable":"","footnotes":""},"categories":[37],"tags":[],"class_list":["post-100374","post","type-post","status-publish","format-standard","has-post-thumbnail","hentry","category-allgemein-de"],"featured_image_src":"https:\/\/schillerinstitute.com\/wp-content\/uploads\/2024\/01\/271286001_293082179529934_2851559334132194006_n.png","author_info":{"display_name":"madeleine","author_link":"https:\/\/schillerinstitute.com\/de\/blog\/author\/madeleine\/"},"modified_by":"tobi","cc_featured_image_caption":{"caption_text":"","source_text":"","source_url":""},"_links":{"self":[{"href":"https:\/\/schillerinstitute.com\/de\/wp-json\/wp\/v2\/posts\/100374","targetHints":{"allow":["GET"]}}],"collection":[{"href":"https:\/\/schillerinstitute.com\/de\/wp-json\/wp\/v2\/posts"}],"about":[{"href":"https:\/\/schillerinstitute.com\/de\/wp-json\/wp\/v2\/types\/post"}],"author":[{"embeddable":true,"href":"https:\/\/schillerinstitute.com\/de\/wp-json\/wp\/v2\/users\/34"}],"replies":[{"embeddable":true,"href":"https:\/\/schillerinstitute.com\/de\/wp-json\/wp\/v2\/comments?post=100374"}],"version-history":[{"count":2,"href":"https:\/\/schillerinstitute.com\/de\/wp-json\/wp\/v2\/posts\/100374\/revisions"}],"predecessor-version":[{"id":100390,"href":"https:\/\/schillerinstitute.com\/de\/wp-json\/wp\/v2\/posts\/100374\/revisions\/100390"}],"wp:featuredmedia":[{"embeddable":true,"href":"https:\/\/schillerinstitute.com\/de\/wp-json\/wp\/v2\/media\/100376"}],"wp:attachment":[{"href":"https:\/\/schillerinstitute.com\/de\/wp-json\/wp\/v2\/media?parent=100374"}],"wp:term":[{"taxonomy":"category","embeddable":true,"href":"https:\/\/schillerinstitute.com\/de\/wp-json\/wp\/v2\/categories?post=100374"},{"taxonomy":"post_tag","embeddable":true,"href":"https:\/\/schillerinstitute.com\/de\/wp-json\/wp\/v2\/tags?post=100374"}],"curies":[{"name":"wp","href":"https:\/\/api.w.org\/{rel}","templated":true}]}}